{"id":188,"date":"2015-08-15T07:57:44","date_gmt":"2015-08-15T06:57:44","guid":{"rendered":"http:\/\/pixelgrade.com\/demos\/mies\/?p=188"},"modified":"2016-05-03T09:26:22","modified_gmt":"2016-05-03T08:26:22","slug":"prodejna-nobl-od-15-8-na-ulici-sokolovska-166","status":"publish","type":"post","link":"https:\/\/nobl.cz\/kancelarsky-nabytek\/prodejna-nobl-od-15-8-na-ulici-sokolovska-166\/","title":{"rendered":"Prodejna NO+BL od 15. 8. na ulici Sokolovsk\u00e1 166"},"content":{"rendered":"<p class=\"intro\">Od 15. 8. 2015 jsme se p\u0159est\u011bhovali do rekonstruovan\u00e9ho obchodu, p\u0159\u00edmo na jedn\u00e9 z pra\u017esk\u00fdch hlavn\u00edch t\u0159\u00edd. Na\u0161i prodejnu nyn\u00ed nep\u0159ehl\u00e9dnete. Je na adrese Sokolovsk\u00e1 166, vpravo z centra, p\u0159ed Palmovkou. Parkov\u00e1n\u00ed zaji\u0161t\u011bno vedle, v Autoservisu Svoboda.<\/p>\n<p class=\"intro\"><!--more--><\/p>\n\n\t\t<style type=\"text\/css\">\n\t\t\t#gallery-1 {\n\t\t\t\tmargin: auto;\n\t\t\t}\n\t\t\t#gallery-1 .gallery-item {\n\t\t\t\tfloat: left;\n\t\t\t\tmargin-top: 10px;\n\t\t\t\ttext-align: center;\n\t\t\t\twidth: 50%;\n\t\t\t}\n\t\t\t#gallery-1 img {\n\t\t\t\tborder: 2px solid #cfcfcf;\n\t\t\t}\n\t\t\t#gallery-1 .gallery-caption {\n\t\t\t\tmargin-left: 0;\n\t\t\t}\n\t\t\t\/* see gallery_shortcode() in wp-includes\/media.php *\/\n\t\t<\/style>\n\t\t<div id='gallery-1' class='gallery galleryid-188 gallery-columns-2 gallery-size-medium'><dl class='gallery-item'>\n\t\t\t<dt class='gallery-icon landscape'>\n\t\t\t\t<a href='https:\/\/nobl.cz\/kancelarsky-nabytek\/wp-content\/uploads\/2014\/12\/IMG_1413-1.jpg'><img loading=\"lazy\" decoding=\"async\" width=\"800\" height=\"600\" src=\"https:\/\/nobl.cz\/kancelarsky-nabytek\/wp-content\/uploads\/2014\/12\/IMG_1413-1-800x600.jpg\" class=\"attachment-medium size-medium\" alt=\"\" srcset=\"https:\/\/nobl.cz\/kancelarsky-nabytek\/wp-content\/uploads\/2014\/12\/IMG_1413-1.jpg 800w, https:\/\/nobl.cz\/kancelarsky-nabytek\/wp-content\/uploads\/2014\/12\/IMG_1413-1-768x576.jpg 768w\" sizes=\"(max-width: 800px) 100vw, 800px\" \/><\/a>\n\t\t\t<\/dt><\/dl><dl class='gallery-item'>\n\t\t\t<dt class='gallery-icon landscape'>\n\t\t\t\t<a href='https:\/\/nobl.cz\/kancelarsky-nabytek\/wp-content\/uploads\/2014\/12\/IMG_1415.jpg'><img loading=\"lazy\" decoding=\"async\" width=\"800\" height=\"600\" src=\"https:\/\/nobl.cz\/kancelarsky-nabytek\/wp-content\/uploads\/2014\/12\/IMG_1415-800x600.jpg\" class=\"attachment-medium size-medium\" alt=\"\" srcset=\"https:\/\/nobl.cz\/kancelarsky-nabytek\/wp-content\/uploads\/2014\/12\/IMG_1415.jpg 800w, https:\/\/nobl.cz\/kancelarsky-nabytek\/wp-content\/uploads\/2014\/12\/IMG_1415-768x576.jpg 768w\" sizes=\"(max-width: 800px) 100vw, 800px\" \/><\/a>\n\t\t\t<\/dt><\/dl><br style=\"clear: both\" \/><dl class='gallery-item'>\n\t\t\t<dt class='gallery-icon landscape'>\n\t\t\t\t<a href='https:\/\/nobl.cz\/kancelarsky-nabytek\/wp-content\/uploads\/2014\/12\/IMG_1420.jpg'><img loading=\"lazy\" decoding=\"async\" width=\"800\" height=\"600\" src=\"https:\/\/nobl.cz\/kancelarsky-nabytek\/wp-content\/uploads\/2014\/12\/IMG_1420-800x600.jpg\" class=\"attachment-medium size-medium\" alt=\"\" srcset=\"https:\/\/nobl.cz\/kancelarsky-nabytek\/wp-content\/uploads\/2014\/12\/IMG_1420.jpg 800w, https:\/\/nobl.cz\/kancelarsky-nabytek\/wp-content\/uploads\/2014\/12\/IMG_1420-768x576.jpg 768w\" sizes=\"(max-width: 800px) 100vw, 800px\" \/><\/a>\n\t\t\t<\/dt><\/dl><dl class='gallery-item'>\n\t\t\t<dt class='gallery-icon portrait'>\n\t\t\t\t<a href='https:\/\/nobl.cz\/kancelarsky-nabytek\/wp-content\/uploads\/2014\/12\/IMG_1429.jpg'><img loading=\"lazy\" decoding=\"async\" width=\"600\" height=\"800\" src=\"https:\/\/nobl.cz\/kancelarsky-nabytek\/wp-content\/uploads\/2014\/12\/IMG_1429-600x800.jpg\" class=\"attachment-medium size-medium\" alt=\"\" \/><\/a>\n\t\t\t<\/dt><\/dl><br style=\"clear: both\" \/>\n\t\t<\/div>\n\n","protected":false},"excerpt":{"rendered":"<p>I will talk on civilization. But after a while I thought that was a very ambiguous title. It could mean a lot, it could mean the whole history of civilization.<\/p>\n","protected":false},"author":2,"featured_media":4734,"comment_status":"closed","ping_status":"closed","sticky":false,"template":"","format":"standard","meta":{"footnotes":""},"categories":[148],"tags":[],"yoast_head":"<!-- This site is optimized with the Yoast SEO plugin v17.9 - https:\/\/yoast.com\/wordpress\/plugins\/seo\/ -->\n<title>Prodejna NO+BL od 15. 8. na ulici Sokolovsk\u00e1 166 - NO+BL kancel\u00e1\u0159sk\u00fd n\u00e1bytek a kancel\u00e1\u0159sk\u00e9 \u017eidle Praha<\/title>\n<meta name=\"robots\" content=\"index, follow, max-snippet:-1, max-image-preview:large, max-video-preview:-1\" \/>\n<link rel=\"canonical\" href=\"https:\/\/nobl.cz\/kancelarsky-nabytek\/prodejna-nobl-od-15-8-na-ulici-sokolovska-166\/\" \/>\n<meta property=\"og:locale\" content=\"cs_CZ\" \/>\n<meta property=\"og:type\" content=\"article\" \/>\n<meta property=\"og:title\" content=\"Prodejna NO+BL od 15. 8. na ulici Sokolovsk\u00e1 166 - NO+BL kancel\u00e1\u0159sk\u00fd n\u00e1bytek a kancel\u00e1\u0159sk\u00e9 \u017eidle Praha\" \/>\n<meta property=\"og:description\" content=\"I will talk on civilization. But after a while I thought that was a very ambiguous title. It could mean a lot, it could mean the whole history of civilization.\" \/>\n<meta property=\"og:url\" content=\"https:\/\/nobl.cz\/kancelarsky-nabytek\/prodejna-nobl-od-15-8-na-ulici-sokolovska-166\/\" \/>\n<meta property=\"og:site_name\" content=\"NO+BL kancel\u00e1\u0159sk\u00fd n\u00e1bytek a kancel\u00e1\u0159sk\u00e9 \u017eidle Praha\" \/>\n<meta property=\"article:published_time\" content=\"2015-08-15T06:57:44+00:00\" \/>\n<meta property=\"article:modified_time\" content=\"2016-05-03T08:26:22+00:00\" \/>\n<meta property=\"og:image\" content=\"https:\/\/nobl.cz\/kancelarsky-nabytek\/wp-content\/uploads\/2014\/12\/IMG_1413.jpg\" \/>\n\t<meta property=\"og:image:width\" content=\"800\" \/>\n\t<meta property=\"og:image:height\" content=\"600\" \/>\n\t<meta property=\"og:image:type\" content=\"image\/jpeg\" \/>\n<meta name=\"twitter:card\" content=\"summary\" \/>\n<meta name=\"twitter:label1\" content=\"Napsal(a)\" \/>\n\t<meta name=\"twitter:data1\" content=\"Michal\" \/>\n<script type=\"application\/ld+json\" class=\"yoast-schema-graph\">{\"@context\":\"https:\/\/schema.org\",\"@graph\":[{\"@type\":\"WebSite\",\"@id\":\"https:\/\/nobl.cz\/kancelarsky-nabytek\/#website\",\"url\":\"https:\/\/nobl.cz\/kancelarsky-nabytek\/\",\"name\":\"NO+BL kancel\\u00e1\\u0159sk\\u00fd n\\u00e1bytek a kancel\\u00e1\\u0159sk\\u00e9 \\u017eidle Praha\",\"description\":\"V\\u00e1\\u0161 prodejce kancel\\u00e1\\u0159sk\\u00e9ho n\\u00e1bytku a kancel\\u00e1\\u0159sk\\u00fdch k\\u0159esel v Praze s tradic\\u00ed ji\\u017e v\\u00edce jak 33 let. Nab\\u00edz\\u00edme tak\\u00e9 opravy kancel\\u00e1\\u0159sk\\u00fdch \\u017eidl\\u00ed.\",\"potentialAction\":[{\"@type\":\"SearchAction\",\"target\":{\"@type\":\"EntryPoint\",\"urlTemplate\":\"https:\/\/nobl.cz\/kancelarsky-nabytek\/?s={search_term_string}\"},\"query-input\":\"required name=search_term_string\"}],\"inLanguage\":\"cs\"},{\"@type\":\"ImageObject\",\"@id\":\"https:\/\/nobl.cz\/kancelarsky-nabytek\/prodejna-nobl-od-15-8-na-ulici-sokolovska-166\/#primaryimage\",\"inLanguage\":\"cs\",\"url\":\"https:\/\/nobl.cz\/kancelarsky-nabytek\/wp-content\/uploads\/2014\/12\/IMG_1413.jpg\",\"contentUrl\":\"https:\/\/nobl.cz\/kancelarsky-nabytek\/wp-content\/uploads\/2014\/12\/IMG_1413.jpg\",\"width\":800,\"height\":600},{\"@type\":\"WebPage\",\"@id\":\"https:\/\/nobl.cz\/kancelarsky-nabytek\/prodejna-nobl-od-15-8-na-ulici-sokolovska-166\/#webpage\",\"url\":\"https:\/\/nobl.cz\/kancelarsky-nabytek\/prodejna-nobl-od-15-8-na-ulici-sokolovska-166\/\",\"name\":\"Prodejna NO+BL od 15. 8. na ulici Sokolovsk\\u00e1 166 - NO+BL kancel\\u00e1\\u0159sk\\u00fd n\\u00e1bytek a kancel\\u00e1\\u0159sk\\u00e9 \\u017eidle Praha\",\"isPartOf\":{\"@id\":\"https:\/\/nobl.cz\/kancelarsky-nabytek\/#website\"},\"primaryImageOfPage\":{\"@id\":\"https:\/\/nobl.cz\/kancelarsky-nabytek\/prodejna-nobl-od-15-8-na-ulici-sokolovska-166\/#primaryimage\"},\"datePublished\":\"2015-08-15T06:57:44+00:00\",\"dateModified\":\"2016-05-03T08:26:22+00:00\",\"author\":{\"@id\":\"https:\/\/nobl.cz\/kancelarsky-nabytek\/#\/schema\/person\/f8c868bc80c683aef8e39abb65db150c\"},\"breadcrumb\":{\"@id\":\"https:\/\/nobl.cz\/kancelarsky-nabytek\/prodejna-nobl-od-15-8-na-ulici-sokolovska-166\/#breadcrumb\"},\"inLanguage\":\"cs\",\"potentialAction\":[{\"@type\":\"ReadAction\",\"target\":[\"https:\/\/nobl.cz\/kancelarsky-nabytek\/prodejna-nobl-od-15-8-na-ulici-sokolovska-166\/\"]}]},{\"@type\":\"BreadcrumbList\",\"@id\":\"https:\/\/nobl.cz\/kancelarsky-nabytek\/prodejna-nobl-od-15-8-na-ulici-sokolovska-166\/#breadcrumb\",\"itemListElement\":[{\"@type\":\"ListItem\",\"position\":1,\"name\":\"Dom\\u016f\",\"item\":\"https:\/\/nobl.cz\/kancelarsky-nabytek\/\"},{\"@type\":\"ListItem\",\"position\":2,\"name\":\"Prodejna NO+BL od 15. 8. na ulici Sokolovsk\\u00e1 166\"}]},{\"@type\":\"Person\",\"@id\":\"https:\/\/nobl.cz\/kancelarsky-nabytek\/#\/schema\/person\/f8c868bc80c683aef8e39abb65db150c\",\"name\":\"Michal\",\"image\":{\"@type\":\"ImageObject\",\"@id\":\"https:\/\/nobl.cz\/kancelarsky-nabytek\/#personlogo\",\"inLanguage\":\"cs\",\"url\":\"https:\/\/secure.gravatar.com\/avatar\/455259c7f450215ed2848d8d80f5ea58?s=96&d=mm&r=g\",\"contentUrl\":\"https:\/\/secure.gravatar.com\/avatar\/455259c7f450215ed2848d8d80f5ea58?s=96&d=mm&r=g\",\"caption\":\"Michal\"},\"url\":\"https:\/\/nobl.cz\/kancelarsky-nabytek\/author\/mjedon\/\"}]}<\/script>\n<!-- \/ Yoast SEO plugin. -->","yoast_head_json":{"title":"Prodejna NO+BL od 15. 8. na ulici Sokolovsk\u00e1 166 - NO+BL kancel\u00e1\u0159sk\u00fd n\u00e1bytek a kancel\u00e1\u0159sk\u00e9 \u017eidle Praha","robots":{"index":"index","follow":"follow","max-snippet":"max-snippet:-1","max-image-preview":"max-image-preview:large","max-video-preview":"max-video-preview:-1"},"canonical":"https:\/\/nobl.cz\/kancelarsky-nabytek\/prodejna-nobl-od-15-8-na-ulici-sokolovska-166\/","og_locale":"cs_CZ","og_type":"article","og_title":"Prodejna NO+BL od 15. 8. na ulici Sokolovsk\u00e1 166 - NO+BL kancel\u00e1\u0159sk\u00fd n\u00e1bytek a kancel\u00e1\u0159sk\u00e9 \u017eidle Praha","og_description":"I will talk on civilization. But after a while I thought that was a very ambiguous title. It could mean a lot, it could mean the whole history of civilization.","og_url":"https:\/\/nobl.cz\/kancelarsky-nabytek\/prodejna-nobl-od-15-8-na-ulici-sokolovska-166\/","og_site_name":"NO+BL kancel\u00e1\u0159sk\u00fd n\u00e1bytek a kancel\u00e1\u0159sk\u00e9 \u017eidle Praha","article_published_time":"2015-08-15T06:57:44+00:00","article_modified_time":"2016-05-03T08:26:22+00:00","og_image":[{"width":800,"height":600,"url":"https:\/\/nobl.cz\/kancelarsky-nabytek\/wp-content\/uploads\/2014\/12\/IMG_1413.jpg","type":"image\/jpeg"}],"twitter_card":"summary","twitter_misc":{"Napsal(a)":"Michal"},"schema":{"@context":"https:\/\/schema.org","@graph":[{"@type":"WebSite","@id":"https:\/\/nobl.cz\/kancelarsky-nabytek\/#website","url":"https:\/\/nobl.cz\/kancelarsky-nabytek\/","name":"NO+BL kancel\u00e1\u0159sk\u00fd n\u00e1bytek a kancel\u00e1\u0159sk\u00e9 \u017eidle Praha","description":"V\u00e1\u0161 prodejce kancel\u00e1\u0159sk\u00e9ho n\u00e1bytku a kancel\u00e1\u0159sk\u00fdch k\u0159esel v Praze s tradic\u00ed ji\u017e v\u00edce jak 33 let. Nab\u00edz\u00edme tak\u00e9 opravy kancel\u00e1\u0159sk\u00fdch \u017eidl\u00ed.","potentialAction":[{"@type":"SearchAction","target":{"@type":"EntryPoint","urlTemplate":"https:\/\/nobl.cz\/kancelarsky-nabytek\/?s={search_term_string}"},"query-input":"required name=search_term_string"}],"inLanguage":"cs"},{"@type":"ImageObject","@id":"https:\/\/nobl.cz\/kancelarsky-nabytek\/prodejna-nobl-od-15-8-na-ulici-sokolovska-166\/#primaryimage","inLanguage":"cs","url":"https:\/\/nobl.cz\/kancelarsky-nabytek\/wp-content\/uploads\/2014\/12\/IMG_1413.jpg","contentUrl":"https:\/\/nobl.cz\/kancelarsky-nabytek\/wp-content\/uploads\/2014\/12\/IMG_1413.jpg","width":800,"height":600},{"@type":"WebPage","@id":"https:\/\/nobl.cz\/kancelarsky-nabytek\/prodejna-nobl-od-15-8-na-ulici-sokolovska-166\/#webpage","url":"https:\/\/nobl.cz\/kancelarsky-nabytek\/prodejna-nobl-od-15-8-na-ulici-sokolovska-166\/","name":"Prodejna NO+BL od 15. 8. na ulici Sokolovsk\u00e1 166 - NO+BL kancel\u00e1\u0159sk\u00fd n\u00e1bytek a kancel\u00e1\u0159sk\u00e9 \u017eidle Praha","isPartOf":{"@id":"https:\/\/nobl.cz\/kancelarsky-nabytek\/#website"},"primaryImageOfPage":{"@id":"https:\/\/nobl.cz\/kancelarsky-nabytek\/prodejna-nobl-od-15-8-na-ulici-sokolovska-166\/#primaryimage"},"datePublished":"2015-08-15T06:57:44+00:00","dateModified":"2016-05-03T08:26:22+00:00","author":{"@id":"https:\/\/nobl.cz\/kancelarsky-nabytek\/#\/schema\/person\/f8c868bc80c683aef8e39abb65db150c"},"breadcrumb":{"@id":"https:\/\/nobl.cz\/kancelarsky-nabytek\/prodejna-nobl-od-15-8-na-ulici-sokolovska-166\/#breadcrumb"},"inLanguage":"cs","potentialAction":[{"@type":"ReadAction","target":["https:\/\/nobl.cz\/kancelarsky-nabytek\/prodejna-nobl-od-15-8-na-ulici-sokolovska-166\/"]}]},{"@type":"BreadcrumbList","@id":"https:\/\/nobl.cz\/kancelarsky-nabytek\/prodejna-nobl-od-15-8-na-ulici-sokolovska-166\/#breadcrumb","itemListElement":[{"@type":"ListItem","position":1,"name":"Dom\u016f","item":"https:\/\/nobl.cz\/kancelarsky-nabytek\/"},{"@type":"ListItem","position":2,"name":"Prodejna NO+BL od 15. 8. na ulici Sokolovsk\u00e1 166"}]},{"@type":"Person","@id":"https:\/\/nobl.cz\/kancelarsky-nabytek\/#\/schema\/person\/f8c868bc80c683aef8e39abb65db150c","name":"Michal","image":{"@type":"ImageObject","@id":"https:\/\/nobl.cz\/kancelarsky-nabytek\/#personlogo","inLanguage":"cs","url":"https:\/\/secure.gravatar.com\/avatar\/455259c7f450215ed2848d8d80f5ea58?s=96&d=mm&r=g","contentUrl":"https:\/\/secure.gravatar.com\/avatar\/455259c7f450215ed2848d8d80f5ea58?s=96&d=mm&r=g","caption":"Michal"},"url":"https:\/\/nobl.cz\/kancelarsky-nabytek\/author\/mjedon\/"}]}},"_links":{"self":[{"href":"https:\/\/nobl.cz\/kancelarsky-nabytek\/wp-json\/wp\/v2\/posts\/188"}],"collection":[{"href":"https:\/\/nobl.cz\/kancelarsky-nabytek\/wp-json\/wp\/v2\/posts"}],"about":[{"href":"https:\/\/nobl.cz\/kancelarsky-nabytek\/wp-json\/wp\/v2\/types\/post"}],"author":[{"embeddable":true,"href":"https:\/\/nobl.cz\/kancelarsky-nabytek\/wp-json\/wp\/v2\/users\/2"}],"replies":[{"embeddable":true,"href":"https:\/\/nobl.cz\/kancelarsky-nabytek\/wp-json\/wp\/v2\/comments?post=188"}],"version-history":[{"count":6,"href":"https:\/\/nobl.cz\/kancelarsky-nabytek\/wp-json\/wp\/v2\/posts\/188\/revisions"}],"predecessor-version":[{"id":4800,"href":"https:\/\/nobl.cz\/kancelarsky-nabytek\/wp-json\/wp\/v2\/posts\/188\/revisions\/4800"}],"wp:featuredmedia":[{"embeddable":true,"href":"https:\/\/nobl.cz\/kancelarsky-nabytek\/wp-json\/wp\/v2\/media\/4734"}],"wp:attachment":[{"href":"https:\/\/nobl.cz\/kancelarsky-nabytek\/wp-json\/wp\/v2\/media?parent=188"}],"wp:term":[{"taxonomy":"category","embeddable":true,"href":"https:\/\/nobl.cz\/kancelarsky-nabytek\/wp-json\/wp\/v2\/categories?post=188"},{"taxonomy":"post_tag","embeddable":true,"href":"https:\/\/nobl.cz\/kancelarsky-nabytek\/wp-json\/wp\/v2\/tags?post=188"}],"curies":[{"name":"wp","href":"https:\/\/api.w.org\/{rel}","templated":true}]}}