{"id":4754,"date":"2016-05-02T14:03:10","date_gmt":"2016-05-02T13:03:10","guid":{"rendered":"http:\/\/nobl.cz\/kancelarsky-nabytek\/?p=4754"},"modified":"2016-05-13T21:28:37","modified_gmt":"2016-05-13T20:28:37","slug":"polokreslo-nu-jako-intimni-moznost-pro-telefonujici","status":"publish","type":"post","link":"https:\/\/nobl.cz\/kancelarsky-nabytek\/polokreslo-nu-jako-intimni-moznost-pro-telefonujici\/","title":{"rendered":"Polok\u0159eslo NU, jako intimn\u00ed mo\u017enost pro telefonuj\u00edc\u00ed&#8230;"},"content":{"rendered":"<p style=\"text-align: justify;\">K\u0159esla Nu jsou dobrou volbou pro prostory, kter\u00e9 vy\u017eaduj\u00ed kompaktn\u00ed \u0159e\u0161en\u00ed. Je to nab\u00eddka pro ofici\u00e1ln\u00ed m\u00edsta a m\u00edsta ur\u010den\u00e1 pro relaxaci. Nu dod\u00e1 charakter nejen kancel\u00e1\u0159sk\u00fdm prostor\u00e1m, ale tak\u00e9 hotelov\u00e9mu foyer. V kolekci se nach\u00e1zej\u00ed dv\u011b n\u00edzk\u00e9 verze: s mal\u00fdm a velk\u00fdm op\u011bradlem a vysok\u00e1 verze s kapuc\u00ed. N\u00e1vrh\u00e1\u0159 cht\u011bl d\u00edky pou\u017eit\u00ed tohoto \u0159e\u0161en\u00ed umo\u017enit u\u017eivateli klidn\u00fd rozhovor nebo mu nab\u00eddnout mo\u017enost str\u00e1vit chvilku o samot\u011b, s vlastn\u00edmi my\u0161lenkami nebo knihou.&nbsp;V\u00fdrobcem je p\u0159edn\u00ed evropsk\u00e1 spole\u010dnost Profim a autorem n\u00e1vrhu je zn\u00e1m\u00fd designer Paul Brooks a v roce 2015 toto k\u0159es\u00edlko obdr\u017eelo cenu Top Design 2015.<\/p>\n<p style=\"text-align: justify;\"><!--more--><\/p>\n<p style=\"text-align: justify;\"><img loading=\"lazy\" decoding=\"async\" class=\"alignnone size-full wp-image-4755\" src=\"http:\/\/nobl.cz\/kancelarsky-nabytek\/wp-content\/uploads\/2016\/05\/nu-skupina.jpg\" alt=\"nu skupina\" height=\"898\" width=\"672\" srcset=\"https:\/\/nobl.cz\/kancelarsky-nabytek\/wp-content\/uploads\/2016\/05\/nu-skupina.jpg 672w, https:\/\/nobl.cz\/kancelarsky-nabytek\/wp-content\/uploads\/2016\/05\/nu-skupina-599x800.jpg 599w\" sizes=\"(max-width: 672px) 100vw, 672px\" \/><\/p>\n<p style=\"text-align: justify;\"><img loading=\"lazy\" decoding=\"async\" class=\"alignnone size-full wp-image-4763\" src=\"http:\/\/nobl.cz\/kancelarsky-nabytek\/wp-content\/uploads\/2016\/05\/oceneni-NU.png\" alt=\"oceneni NU\" height=\"669\" width=\"670\" srcset=\"https:\/\/nobl.cz\/kancelarsky-nabytek\/wp-content\/uploads\/2016\/05\/oceneni-NU.png 670w, https:\/\/nobl.cz\/kancelarsky-nabytek\/wp-content\/uploads\/2016\/05\/oceneni-NU-340x340.png 340w\" sizes=\"(max-width: 670px) 100vw, 670px\" \/><\/p>\n","protected":false},"excerpt":{"rendered":"<p>K\u0159esla Nu jsou dobrou volbou pro prostory, kter\u00e9 vy\u017eaduj\u00ed kompaktn\u00ed \u0159e\u0161en\u00ed. Je to nab\u00eddka pro ofici\u00e1ln\u00ed m\u00edsta a m\u00edsta ur\u010den\u00e1 pro relaxaci. Nu dod\u00e1 charakter nejen kancel\u00e1\u0159sk\u00fdm prostor\u00e1m, ale tak\u00e9 hotelov\u00e9mu foyer. V kolekci se nach\u00e1zej\u00ed dv\u011b n\u00edzk\u00e9 verze: s mal\u00fdm a velk\u00fdm op\u011bradlem a vysok\u00e1 verze s kapuc\u00ed. N\u00e1vrh\u00e1\u0159 cht\u011bl d\u00edky pou\u017eit\u00ed tohoto \u0159e\u0161en\u00ed [&hellip;]\n","protected":false},"author":2,"featured_media":6591,"comment_status":"closed","ping_status":"open","sticky":false,"template":"","format":"standard","meta":{"footnotes":""},"categories":[148],"tags":[],"yoast_head":"<!-- This site is optimized with the Yoast SEO plugin v17.9 - https:\/\/yoast.com\/wordpress\/plugins\/seo\/ -->\n<title>Polok\u0159eslo NU, jako intimn\u00ed mo\u017enost pro telefonuj\u00edc\u00ed... - NO+BL kancel\u00e1\u0159sk\u00fd n\u00e1bytek a kancel\u00e1\u0159sk\u00e9 \u017eidle Praha<\/title>\n<meta name=\"robots\" content=\"index, follow, max-snippet:-1, max-image-preview:large, max-video-preview:-1\" \/>\n<link rel=\"canonical\" href=\"https:\/\/nobl.cz\/kancelarsky-nabytek\/polokreslo-nu-jako-intimni-moznost-pro-telefonujici\/\" \/>\n<meta property=\"og:locale\" content=\"cs_CZ\" \/>\n<meta property=\"og:type\" content=\"article\" \/>\n<meta property=\"og:title\" content=\"Polok\u0159eslo NU, jako intimn\u00ed mo\u017enost pro telefonuj\u00edc\u00ed... - NO+BL kancel\u00e1\u0159sk\u00fd n\u00e1bytek a kancel\u00e1\u0159sk\u00e9 \u017eidle Praha\" \/>\n<meta property=\"og:description\" content=\"K\u0159esla Nu jsou dobrou volbou pro prostory, kter\u00e9 vy\u017eaduj\u00ed kompaktn\u00ed \u0159e\u0161en\u00ed. Je to nab\u00eddka pro ofici\u00e1ln\u00ed m\u00edsta a m\u00edsta ur\u010den\u00e1 pro relaxaci. Nu dod\u00e1 charakter nejen kancel\u00e1\u0159sk\u00fdm prostor\u00e1m, ale tak\u00e9 hotelov\u00e9mu foyer. V kolekci se nach\u00e1zej\u00ed dv\u011b n\u00edzk\u00e9 verze: s mal\u00fdm a velk\u00fdm op\u011bradlem a vysok\u00e1 verze s kapuc\u00ed. N\u00e1vrh\u00e1\u0159 cht\u011bl d\u00edky pou\u017eit\u00ed tohoto \u0159e\u0161en\u00ed [&hellip;]\" \/>\n<meta property=\"og:url\" content=\"https:\/\/nobl.cz\/kancelarsky-nabytek\/polokreslo-nu-jako-intimni-moznost-pro-telefonujici\/\" \/>\n<meta property=\"og:site_name\" content=\"NO+BL kancel\u00e1\u0159sk\u00fd n\u00e1bytek a kancel\u00e1\u0159sk\u00e9 \u017eidle Praha\" \/>\n<meta property=\"article:published_time\" content=\"2016-05-02T13:03:10+00:00\" \/>\n<meta property=\"article:modified_time\" content=\"2016-05-13T20:28:37+00:00\" \/>\n<meta property=\"og:image\" content=\"https:\/\/nobl.cz\/kancelarsky-nabytek\/wp-content\/uploads\/2016\/05\/nu_profim_crop2.jpg\" \/>\n\t<meta property=\"og:image:width\" content=\"624\" \/>\n\t<meta property=\"og:image:height\" content=\"512\" \/>\n\t<meta property=\"og:image:type\" content=\"image\/jpeg\" \/>\n<meta name=\"twitter:card\" content=\"summary\" \/>\n<meta name=\"twitter:label1\" content=\"Napsal(a)\" \/>\n\t<meta name=\"twitter:data1\" content=\"Michal\" \/>\n\t<meta name=\"twitter:label2\" content=\"Odhadovan\u00e1 doba \u010dten\u00ed\" \/>\n\t<meta name=\"twitter:data2\" content=\"1 minuta\" \/>\n<script type=\"application\/ld+json\" class=\"yoast-schema-graph\">{\"@context\":\"https:\/\/schema.org\",\"@graph\":[{\"@type\":\"WebSite\",\"@id\":\"https:\/\/nobl.cz\/kancelarsky-nabytek\/#website\",\"url\":\"https:\/\/nobl.cz\/kancelarsky-nabytek\/\",\"name\":\"NO+BL kancel\\u00e1\\u0159sk\\u00fd n\\u00e1bytek a kancel\\u00e1\\u0159sk\\u00e9 \\u017eidle Praha\",\"description\":\"V\\u00e1\\u0161 prodejce kancel\\u00e1\\u0159sk\\u00e9ho n\\u00e1bytku a kancel\\u00e1\\u0159sk\\u00fdch k\\u0159esel v Praze s tradic\\u00ed ji\\u017e v\\u00edce jak 33 let. Nab\\u00edz\\u00edme tak\\u00e9 opravy kancel\\u00e1\\u0159sk\\u00fdch \\u017eidl\\u00ed.\",\"potentialAction\":[{\"@type\":\"SearchAction\",\"target\":{\"@type\":\"EntryPoint\",\"urlTemplate\":\"https:\/\/nobl.cz\/kancelarsky-nabytek\/?s={search_term_string}\"},\"query-input\":\"required name=search_term_string\"}],\"inLanguage\":\"cs\"},{\"@type\":\"ImageObject\",\"@id\":\"https:\/\/nobl.cz\/kancelarsky-nabytek\/polokreslo-nu-jako-intimni-moznost-pro-telefonujici\/#primaryimage\",\"inLanguage\":\"cs\",\"url\":\"https:\/\/nobl.cz\/kancelarsky-nabytek\/wp-content\/uploads\/2016\/05\/nu_profim_crop2.jpg\",\"contentUrl\":\"https:\/\/nobl.cz\/kancelarsky-nabytek\/wp-content\/uploads\/2016\/05\/nu_profim_crop2.jpg\",\"width\":624,\"height\":512},{\"@type\":\"WebPage\",\"@id\":\"https:\/\/nobl.cz\/kancelarsky-nabytek\/polokreslo-nu-jako-intimni-moznost-pro-telefonujici\/#webpage\",\"url\":\"https:\/\/nobl.cz\/kancelarsky-nabytek\/polokreslo-nu-jako-intimni-moznost-pro-telefonujici\/\",\"name\":\"Polok\\u0159eslo NU, jako intimn\\u00ed mo\\u017enost pro telefonuj\\u00edc\\u00ed... - NO+BL kancel\\u00e1\\u0159sk\\u00fd n\\u00e1bytek a kancel\\u00e1\\u0159sk\\u00e9 \\u017eidle Praha\",\"isPartOf\":{\"@id\":\"https:\/\/nobl.cz\/kancelarsky-nabytek\/#website\"},\"primaryImageOfPage\":{\"@id\":\"https:\/\/nobl.cz\/kancelarsky-nabytek\/polokreslo-nu-jako-intimni-moznost-pro-telefonujici\/#primaryimage\"},\"datePublished\":\"2016-05-02T13:03:10+00:00\",\"dateModified\":\"2016-05-13T20:28:37+00:00\",\"author\":{\"@id\":\"https:\/\/nobl.cz\/kancelarsky-nabytek\/#\/schema\/person\/f8c868bc80c683aef8e39abb65db150c\"},\"breadcrumb\":{\"@id\":\"https:\/\/nobl.cz\/kancelarsky-nabytek\/polokreslo-nu-jako-intimni-moznost-pro-telefonujici\/#breadcrumb\"},\"inLanguage\":\"cs\",\"potentialAction\":[{\"@type\":\"ReadAction\",\"target\":[\"https:\/\/nobl.cz\/kancelarsky-nabytek\/polokreslo-nu-jako-intimni-moznost-pro-telefonujici\/\"]}]},{\"@type\":\"BreadcrumbList\",\"@id\":\"https:\/\/nobl.cz\/kancelarsky-nabytek\/polokreslo-nu-jako-intimni-moznost-pro-telefonujici\/#breadcrumb\",\"itemListElement\":[{\"@type\":\"ListItem\",\"position\":1,\"name\":\"Dom\\u016f\",\"item\":\"https:\/\/nobl.cz\/kancelarsky-nabytek\/\"},{\"@type\":\"ListItem\",\"position\":2,\"name\":\"Polok\\u0159eslo NU, jako intimn\\u00ed mo\\u017enost pro telefonuj\\u00edc\\u00ed&#8230;\"}]},{\"@type\":\"Person\",\"@id\":\"https:\/\/nobl.cz\/kancelarsky-nabytek\/#\/schema\/person\/f8c868bc80c683aef8e39abb65db150c\",\"name\":\"Michal\",\"image\":{\"@type\":\"ImageObject\",\"@id\":\"https:\/\/nobl.cz\/kancelarsky-nabytek\/#personlogo\",\"inLanguage\":\"cs\",\"url\":\"https:\/\/secure.gravatar.com\/avatar\/455259c7f450215ed2848d8d80f5ea58?s=96&d=mm&r=g\",\"contentUrl\":\"https:\/\/secure.gravatar.com\/avatar\/455259c7f450215ed2848d8d80f5ea58?s=96&d=mm&r=g\",\"caption\":\"Michal\"},\"url\":\"https:\/\/nobl.cz\/kancelarsky-nabytek\/author\/mjedon\/\"}]}<\/script>\n<!-- \/ Yoast SEO plugin. -->","yoast_head_json":{"title":"Polok\u0159eslo NU, jako intimn\u00ed mo\u017enost pro telefonuj\u00edc\u00ed... - NO+BL kancel\u00e1\u0159sk\u00fd n\u00e1bytek a kancel\u00e1\u0159sk\u00e9 \u017eidle Praha","robots":{"index":"index","follow":"follow","max-snippet":"max-snippet:-1","max-image-preview":"max-image-preview:large","max-video-preview":"max-video-preview:-1"},"canonical":"https:\/\/nobl.cz\/kancelarsky-nabytek\/polokreslo-nu-jako-intimni-moznost-pro-telefonujici\/","og_locale":"cs_CZ","og_type":"article","og_title":"Polok\u0159eslo NU, jako intimn\u00ed mo\u017enost pro telefonuj\u00edc\u00ed... - NO+BL kancel\u00e1\u0159sk\u00fd n\u00e1bytek a kancel\u00e1\u0159sk\u00e9 \u017eidle Praha","og_description":"K\u0159esla Nu jsou dobrou volbou pro prostory, kter\u00e9 vy\u017eaduj\u00ed kompaktn\u00ed \u0159e\u0161en\u00ed. Je to nab\u00eddka pro ofici\u00e1ln\u00ed m\u00edsta a m\u00edsta ur\u010den\u00e1 pro relaxaci. Nu dod\u00e1 charakter nejen kancel\u00e1\u0159sk\u00fdm prostor\u00e1m, ale tak\u00e9 hotelov\u00e9mu foyer. V kolekci se nach\u00e1zej\u00ed dv\u011b n\u00edzk\u00e9 verze: s mal\u00fdm a velk\u00fdm op\u011bradlem a vysok\u00e1 verze s kapuc\u00ed. N\u00e1vrh\u00e1\u0159 cht\u011bl d\u00edky pou\u017eit\u00ed tohoto \u0159e\u0161en\u00ed [&hellip;]","og_url":"https:\/\/nobl.cz\/kancelarsky-nabytek\/polokreslo-nu-jako-intimni-moznost-pro-telefonujici\/","og_site_name":"NO+BL kancel\u00e1\u0159sk\u00fd n\u00e1bytek a kancel\u00e1\u0159sk\u00e9 \u017eidle Praha","article_published_time":"2016-05-02T13:03:10+00:00","article_modified_time":"2016-05-13T20:28:37+00:00","og_image":[{"width":624,"height":512,"url":"https:\/\/nobl.cz\/kancelarsky-nabytek\/wp-content\/uploads\/2016\/05\/nu_profim_crop2.jpg","type":"image\/jpeg"}],"twitter_card":"summary","twitter_misc":{"Napsal(a)":"Michal","Odhadovan\u00e1 doba \u010dten\u00ed":"1 minuta"},"schema":{"@context":"https:\/\/schema.org","@graph":[{"@type":"WebSite","@id":"https:\/\/nobl.cz\/kancelarsky-nabytek\/#website","url":"https:\/\/nobl.cz\/kancelarsky-nabytek\/","name":"NO+BL kancel\u00e1\u0159sk\u00fd n\u00e1bytek a kancel\u00e1\u0159sk\u00e9 \u017eidle Praha","description":"V\u00e1\u0161 prodejce kancel\u00e1\u0159sk\u00e9ho n\u00e1bytku a kancel\u00e1\u0159sk\u00fdch k\u0159esel v Praze s tradic\u00ed ji\u017e v\u00edce jak 33 let. Nab\u00edz\u00edme tak\u00e9 opravy kancel\u00e1\u0159sk\u00fdch \u017eidl\u00ed.","potentialAction":[{"@type":"SearchAction","target":{"@type":"EntryPoint","urlTemplate":"https:\/\/nobl.cz\/kancelarsky-nabytek\/?s={search_term_string}"},"query-input":"required name=search_term_string"}],"inLanguage":"cs"},{"@type":"ImageObject","@id":"https:\/\/nobl.cz\/kancelarsky-nabytek\/polokreslo-nu-jako-intimni-moznost-pro-telefonujici\/#primaryimage","inLanguage":"cs","url":"https:\/\/nobl.cz\/kancelarsky-nabytek\/wp-content\/uploads\/2016\/05\/nu_profim_crop2.jpg","contentUrl":"https:\/\/nobl.cz\/kancelarsky-nabytek\/wp-content\/uploads\/2016\/05\/nu_profim_crop2.jpg","width":624,"height":512},{"@type":"WebPage","@id":"https:\/\/nobl.cz\/kancelarsky-nabytek\/polokreslo-nu-jako-intimni-moznost-pro-telefonujici\/#webpage","url":"https:\/\/nobl.cz\/kancelarsky-nabytek\/polokreslo-nu-jako-intimni-moznost-pro-telefonujici\/","name":"Polok\u0159eslo NU, jako intimn\u00ed mo\u017enost pro telefonuj\u00edc\u00ed... - NO+BL kancel\u00e1\u0159sk\u00fd n\u00e1bytek a kancel\u00e1\u0159sk\u00e9 \u017eidle Praha","isPartOf":{"@id":"https:\/\/nobl.cz\/kancelarsky-nabytek\/#website"},"primaryImageOfPage":{"@id":"https:\/\/nobl.cz\/kancelarsky-nabytek\/polokreslo-nu-jako-intimni-moznost-pro-telefonujici\/#primaryimage"},"datePublished":"2016-05-02T13:03:10+00:00","dateModified":"2016-05-13T20:28:37+00:00","author":{"@id":"https:\/\/nobl.cz\/kancelarsky-nabytek\/#\/schema\/person\/f8c868bc80c683aef8e39abb65db150c"},"breadcrumb":{"@id":"https:\/\/nobl.cz\/kancelarsky-nabytek\/polokreslo-nu-jako-intimni-moznost-pro-telefonujici\/#breadcrumb"},"inLanguage":"cs","potentialAction":[{"@type":"ReadAction","target":["https:\/\/nobl.cz\/kancelarsky-nabytek\/polokreslo-nu-jako-intimni-moznost-pro-telefonujici\/"]}]},{"@type":"BreadcrumbList","@id":"https:\/\/nobl.cz\/kancelarsky-nabytek\/polokreslo-nu-jako-intimni-moznost-pro-telefonujici\/#breadcrumb","itemListElement":[{"@type":"ListItem","position":1,"name":"Dom\u016f","item":"https:\/\/nobl.cz\/kancelarsky-nabytek\/"},{"@type":"ListItem","position":2,"name":"Polok\u0159eslo NU, jako intimn\u00ed mo\u017enost pro telefonuj\u00edc\u00ed&#8230;"}]},{"@type":"Person","@id":"https:\/\/nobl.cz\/kancelarsky-nabytek\/#\/schema\/person\/f8c868bc80c683aef8e39abb65db150c","name":"Michal","image":{"@type":"ImageObject","@id":"https:\/\/nobl.cz\/kancelarsky-nabytek\/#personlogo","inLanguage":"cs","url":"https:\/\/secure.gravatar.com\/avatar\/455259c7f450215ed2848d8d80f5ea58?s=96&d=mm&r=g","contentUrl":"https:\/\/secure.gravatar.com\/avatar\/455259c7f450215ed2848d8d80f5ea58?s=96&d=mm&r=g","caption":"Michal"},"url":"https:\/\/nobl.cz\/kancelarsky-nabytek\/author\/mjedon\/"}]}},"_links":{"self":[{"href":"https:\/\/nobl.cz\/kancelarsky-nabytek\/wp-json\/wp\/v2\/posts\/4754"}],"collection":[{"href":"https:\/\/nobl.cz\/kancelarsky-nabytek\/wp-json\/wp\/v2\/posts"}],"about":[{"href":"https:\/\/nobl.cz\/kancelarsky-nabytek\/wp-json\/wp\/v2\/types\/post"}],"author":[{"embeddable":true,"href":"https:\/\/nobl.cz\/kancelarsky-nabytek\/wp-json\/wp\/v2\/users\/2"}],"replies":[{"embeddable":true,"href":"https:\/\/nobl.cz\/kancelarsky-nabytek\/wp-json\/wp\/v2\/comments?post=4754"}],"version-history":[{"count":5,"href":"https:\/\/nobl.cz\/kancelarsky-nabytek\/wp-json\/wp\/v2\/posts\/4754\/revisions"}],"predecessor-version":[{"id":6592,"href":"https:\/\/nobl.cz\/kancelarsky-nabytek\/wp-json\/wp\/v2\/posts\/4754\/revisions\/6592"}],"wp:featuredmedia":[{"embeddable":true,"href":"https:\/\/nobl.cz\/kancelarsky-nabytek\/wp-json\/wp\/v2\/media\/6591"}],"wp:attachment":[{"href":"https:\/\/nobl.cz\/kancelarsky-nabytek\/wp-json\/wp\/v2\/media?parent=4754"}],"wp:term":[{"taxonomy":"category","embeddable":true,"href":"https:\/\/nobl.cz\/kancelarsky-nabytek\/wp-json\/wp\/v2\/categories?post=4754"},{"taxonomy":"post_tag","embeddable":true,"href":"https:\/\/nobl.cz\/kancelarsky-nabytek\/wp-json\/wp\/v2\/tags?post=4754"}],"curies":[{"name":"wp","href":"https:\/\/api.w.org\/{rel}","templated":true}]}}