{"id":4757,"date":"2016-05-02T14:33:20","date_gmt":"2016-05-02T13:33:20","guid":{"rendered":"http:\/\/nobl.cz\/kancelarsky-nabytek\/?p=4757"},"modified":"2016-05-08T17:26:43","modified_gmt":"2016-05-08T16:26:43","slug":"luxusni-manazerska-kancelar-dle-navrhu-nobl","status":"publish","type":"post","link":"https:\/\/nobl.cz\/kancelarsky-nabytek\/luxusni-manazerska-kancelar-dle-navrhu-nobl\/","title":{"rendered":"Luxusn\u00ed mana\u017eersk\u00e1 kancel\u00e1\u0159 dle n\u00e1vrhu NO+BL"},"content":{"rendered":"<p style=\"text-align: justify;\">Design\u00e9r na\u0161\u00ed firmy, pan Ond\u0159ej Hor\u00e1k, v sou\u010dasn\u00e9 dob\u011b dokon\u010duje n\u00e1vrhy na \u0159e\u0161en\u00ed nadstandardn\u00ed mana\u017eersk\u00e9 kancel\u00e1\u0159e jedn\u00e9 z p\u0159edn\u00edch medi\u00e1ln\u00edch firem v \u010cR. Nejprve p\u0159edlo\u017eil dv\u011b zcela odli\u0161n\u00e1 \u0159e\u0161en\u00ed. Prvn\u00ed vyu\u017e\u00edvalo v\u00fdrazn\u00fd design sklen\u011bn\u00fdch a chromov\u00fdch stol\u016f MDD a druh\u00e1 varianta byla sp\u00ed\u0161 konzervativn\u00ed, ale praktick\u00e9 \u0159e\u0161en\u00ed, vych\u00e1zej\u00edc\u00ed z n\u00e1bytkov\u00e9 \u0159ady Exner. K realizaci byla vybr\u00e1na druh\u00e1 verze, kterou V\u00e1m v brzk\u00e9 dob\u011b p\u0159edstav\u00edme v t\u011bchto aktualit\u00e1ch, jako dokon\u010den\u00fd interi\u00e9r.<\/p>\n<p style=\"text-align: justify;\"><!--more--><\/p>\n\n\t\t<style type=\"text\/css\">\n\t\t\t#gallery-1 {\n\t\t\t\tmargin: auto;\n\t\t\t}\n\t\t\t#gallery-1 .gallery-item {\n\t\t\t\tfloat: left;\n\t\t\t\tmargin-top: 10px;\n\t\t\t\ttext-align: center;\n\t\t\t\twidth: 50%;\n\t\t\t}\n\t\t\t#gallery-1 img {\n\t\t\t\tborder: 2px solid #cfcfcf;\n\t\t\t}\n\t\t\t#gallery-1 .gallery-caption {\n\t\t\t\tmargin-left: 0;\n\t\t\t}\n\t\t\t\/* see gallery_shortcode() in wp-includes\/media.php *\/\n\t\t<\/style>\n\t\t<div id='gallery-1' class='gallery galleryid-4757 gallery-columns-2 gallery-size-large'><dl class='gallery-item'>\n\t\t\t<dt class='gallery-icon landscape'>\n\t\t\t\t<a href='https:\/\/nobl.cz\/kancelarsky-nabytek\/wp-content\/uploads\/2016\/05\/B.png'><img loading=\"lazy\" decoding=\"async\" width=\"1020\" height=\"570\" src=\"https:\/\/nobl.cz\/kancelarsky-nabytek\/wp-content\/uploads\/2016\/05\/B.png\" class=\"attachment-large size-large\" alt=\"\" srcset=\"https:\/\/nobl.cz\/kancelarsky-nabytek\/wp-content\/uploads\/2016\/05\/B.png 1384w, https:\/\/nobl.cz\/kancelarsky-nabytek\/wp-content\/uploads\/2016\/05\/B-800x447.png 800w, https:\/\/nobl.cz\/kancelarsky-nabytek\/wp-content\/uploads\/2016\/05\/B-768x430.png 768w\" sizes=\"(max-width: 1020px) 100vw, 1020px\" \/><\/a>\n\t\t\t<\/dt><\/dl><dl class='gallery-item'>\n\t\t\t<dt class='gallery-icon landscape'>\n\t\t\t\t<a href='https:\/\/nobl.cz\/kancelarsky-nabytek\/wp-content\/uploads\/2016\/05\/C.png'><img loading=\"lazy\" decoding=\"async\" width=\"1020\" height=\"570\" src=\"https:\/\/nobl.cz\/kancelarsky-nabytek\/wp-content\/uploads\/2016\/05\/C.png\" class=\"attachment-large size-large\" alt=\"\" srcset=\"https:\/\/nobl.cz\/kancelarsky-nabytek\/wp-content\/uploads\/2016\/05\/C.png 1384w, https:\/\/nobl.cz\/kancelarsky-nabytek\/wp-content\/uploads\/2016\/05\/C-800x447.png 800w, https:\/\/nobl.cz\/kancelarsky-nabytek\/wp-content\/uploads\/2016\/05\/C-768x430.png 768w\" sizes=\"(max-width: 1020px) 100vw, 1020px\" \/><\/a>\n\t\t\t<\/dt><\/dl><br style=\"clear: both\" \/><dl class='gallery-item'>\n\t\t\t<dt class='gallery-icon landscape'>\n\t\t\t\t<a href='https:\/\/nobl.cz\/kancelarsky-nabytek\/wp-content\/uploads\/2016\/05\/D.jpg'><img loading=\"lazy\" decoding=\"async\" width=\"1020\" height=\"591\" src=\"https:\/\/nobl.cz\/kancelarsky-nabytek\/wp-content\/uploads\/2016\/05\/D.jpg\" class=\"attachment-large size-large\" alt=\"\" srcset=\"https:\/\/nobl.cz\/kancelarsky-nabytek\/wp-content\/uploads\/2016\/05\/D.jpg 1336w, https:\/\/nobl.cz\/kancelarsky-nabytek\/wp-content\/uploads\/2016\/05\/D-800x463.jpg 800w, https:\/\/nobl.cz\/kancelarsky-nabytek\/wp-content\/uploads\/2016\/05\/D-768x445.jpg 768w\" sizes=\"(max-width: 1020px) 100vw, 1020px\" \/><\/a>\n\t\t\t<\/dt><\/dl><dl class='gallery-item'>\n\t\t\t<dt class='gallery-icon landscape'>\n\t\t\t\t<a href='https:\/\/nobl.cz\/kancelarsky-nabytek\/wp-content\/uploads\/2016\/05\/F.png'><img loading=\"lazy\" decoding=\"async\" width=\"1020\" height=\"570\" src=\"https:\/\/nobl.cz\/kancelarsky-nabytek\/wp-content\/uploads\/2016\/05\/F.png\" class=\"attachment-large size-large\" alt=\"\" srcset=\"https:\/\/nobl.cz\/kancelarsky-nabytek\/wp-content\/uploads\/2016\/05\/F.png 1384w, https:\/\/nobl.cz\/kancelarsky-nabytek\/wp-content\/uploads\/2016\/05\/F-800x447.png 800w, https:\/\/nobl.cz\/kancelarsky-nabytek\/wp-content\/uploads\/2016\/05\/F-768x430.png 768w\" sizes=\"(max-width: 1020px) 100vw, 1020px\" \/><\/a>\n\t\t\t<\/dt><\/dl><br style=\"clear: both\" \/>\n\t\t<\/div>\n\n","protected":false},"excerpt":{"rendered":"<p>Design\u00e9r na\u0161\u00ed firmy, pan Ond\u0159ej Hor\u00e1k, v sou\u010dasn\u00e9 dob\u011b dokon\u010duje n\u00e1vrhy na \u0159e\u0161en\u00ed nadstandardn\u00ed mana\u017eersk\u00e9 kancel\u00e1\u0159e jedn\u00e9 z p\u0159edn\u00edch medi\u00e1ln\u00edch firem v \u010cR. Nejprve p\u0159edlo\u017eil dv\u011b zcela odli\u0161n\u00e1 \u0159e\u0161en\u00ed. Prvn\u00ed vyu\u017e\u00edvalo v\u00fdrazn\u00fd design sklen\u011bn\u00fdch a chromov\u00fdch stol\u016f MDD a druh\u00e1 varianta byla sp\u00ed\u0161 konzervativn\u00ed, ale praktick\u00e9 \u0159e\u0161en\u00ed, vych\u00e1zej\u00edc\u00ed z n\u00e1bytkov\u00e9 \u0159ady Exner. K realizaci byla [&hellip;]\n","protected":false},"author":2,"featured_media":4769,"comment_status":"closed","ping_status":"open","sticky":false,"template":"","format":"standard","meta":{"footnotes":""},"categories":[148],"tags":[],"yoast_head":"<!-- This site is optimized with the Yoast SEO plugin v17.9 - https:\/\/yoast.com\/wordpress\/plugins\/seo\/ -->\n<title>Luxusn\u00ed mana\u017eersk\u00e1 kancel\u00e1\u0159 dle n\u00e1vrhu NO+BL - NO+BL kancel\u00e1\u0159sk\u00fd n\u00e1bytek a kancel\u00e1\u0159sk\u00e9 \u017eidle Praha<\/title>\n<meta name=\"robots\" content=\"index, follow, max-snippet:-1, max-image-preview:large, max-video-preview:-1\" \/>\n<link rel=\"canonical\" href=\"https:\/\/nobl.cz\/kancelarsky-nabytek\/luxusni-manazerska-kancelar-dle-navrhu-nobl\/\" \/>\n<meta property=\"og:locale\" content=\"cs_CZ\" \/>\n<meta property=\"og:type\" content=\"article\" \/>\n<meta property=\"og:title\" content=\"Luxusn\u00ed mana\u017eersk\u00e1 kancel\u00e1\u0159 dle n\u00e1vrhu NO+BL - NO+BL kancel\u00e1\u0159sk\u00fd n\u00e1bytek a kancel\u00e1\u0159sk\u00e9 \u017eidle Praha\" \/>\n<meta property=\"og:description\" content=\"Design\u00e9r na\u0161\u00ed firmy, pan Ond\u0159ej Hor\u00e1k, v sou\u010dasn\u00e9 dob\u011b dokon\u010duje n\u00e1vrhy na \u0159e\u0161en\u00ed nadstandardn\u00ed mana\u017eersk\u00e9 kancel\u00e1\u0159e jedn\u00e9 z p\u0159edn\u00edch medi\u00e1ln\u00edch firem v \u010cR. Nejprve p\u0159edlo\u017eil dv\u011b zcela odli\u0161n\u00e1 \u0159e\u0161en\u00ed. Prvn\u00ed vyu\u017e\u00edvalo v\u00fdrazn\u00fd design sklen\u011bn\u00fdch a chromov\u00fdch stol\u016f MDD a druh\u00e1 varianta byla sp\u00ed\u0161 konzervativn\u00ed, ale praktick\u00e9 \u0159e\u0161en\u00ed, vych\u00e1zej\u00edc\u00ed z n\u00e1bytkov\u00e9 \u0159ady Exner. K realizaci byla [&hellip;]\" \/>\n<meta property=\"og:url\" content=\"https:\/\/nobl.cz\/kancelarsky-nabytek\/luxusni-manazerska-kancelar-dle-navrhu-nobl\/\" \/>\n<meta property=\"og:site_name\" content=\"NO+BL kancel\u00e1\u0159sk\u00fd n\u00e1bytek a kancel\u00e1\u0159sk\u00e9 \u017eidle Praha\" \/>\n<meta property=\"article:published_time\" content=\"2016-05-02T13:33:20+00:00\" \/>\n<meta property=\"article:modified_time\" content=\"2016-05-08T16:26:43+00:00\" \/>\n<meta property=\"og:image\" content=\"https:\/\/nobl.cz\/kancelarsky-nabytek\/wp-content\/uploads\/2016\/05\/nobl_akt1.jpg\" \/>\n\t<meta property=\"og:image:width\" content=\"974\" \/>\n\t<meta property=\"og:image:height\" content=\"771\" \/>\n\t<meta property=\"og:image:type\" content=\"image\/jpeg\" \/>\n<meta name=\"twitter:card\" content=\"summary\" \/>\n<meta name=\"twitter:label1\" content=\"Napsal(a)\" \/>\n\t<meta name=\"twitter:data1\" content=\"Michal\" \/>\n\t<meta name=\"twitter:label2\" content=\"Odhadovan\u00e1 doba \u010dten\u00ed\" \/>\n\t<meta name=\"twitter:data2\" content=\"1 minuta\" \/>\n<script type=\"application\/ld+json\" class=\"yoast-schema-graph\">{\"@context\":\"https:\/\/schema.org\",\"@graph\":[{\"@type\":\"WebSite\",\"@id\":\"https:\/\/nobl.cz\/kancelarsky-nabytek\/#website\",\"url\":\"https:\/\/nobl.cz\/kancelarsky-nabytek\/\",\"name\":\"NO+BL kancel\\u00e1\\u0159sk\\u00fd n\\u00e1bytek a kancel\\u00e1\\u0159sk\\u00e9 \\u017eidle Praha\",\"description\":\"V\\u00e1\\u0161 prodejce kancel\\u00e1\\u0159sk\\u00e9ho n\\u00e1bytku a kancel\\u00e1\\u0159sk\\u00fdch k\\u0159esel v Praze s tradic\\u00ed ji\\u017e v\\u00edce jak 33 let. Nab\\u00edz\\u00edme tak\\u00e9 opravy kancel\\u00e1\\u0159sk\\u00fdch \\u017eidl\\u00ed.\",\"potentialAction\":[{\"@type\":\"SearchAction\",\"target\":{\"@type\":\"EntryPoint\",\"urlTemplate\":\"https:\/\/nobl.cz\/kancelarsky-nabytek\/?s={search_term_string}\"},\"query-input\":\"required name=search_term_string\"}],\"inLanguage\":\"cs\"},{\"@type\":\"ImageObject\",\"@id\":\"https:\/\/nobl.cz\/kancelarsky-nabytek\/luxusni-manazerska-kancelar-dle-navrhu-nobl\/#primaryimage\",\"inLanguage\":\"cs\",\"url\":\"https:\/\/nobl.cz\/kancelarsky-nabytek\/wp-content\/uploads\/2016\/05\/nobl_akt1.jpg\",\"contentUrl\":\"https:\/\/nobl.cz\/kancelarsky-nabytek\/wp-content\/uploads\/2016\/05\/nobl_akt1.jpg\",\"width\":974,\"height\":771},{\"@type\":\"WebPage\",\"@id\":\"https:\/\/nobl.cz\/kancelarsky-nabytek\/luxusni-manazerska-kancelar-dle-navrhu-nobl\/#webpage\",\"url\":\"https:\/\/nobl.cz\/kancelarsky-nabytek\/luxusni-manazerska-kancelar-dle-navrhu-nobl\/\",\"name\":\"Luxusn\\u00ed mana\\u017eersk\\u00e1 kancel\\u00e1\\u0159 dle n\\u00e1vrhu NO+BL - NO+BL kancel\\u00e1\\u0159sk\\u00fd n\\u00e1bytek a kancel\\u00e1\\u0159sk\\u00e9 \\u017eidle Praha\",\"isPartOf\":{\"@id\":\"https:\/\/nobl.cz\/kancelarsky-nabytek\/#website\"},\"primaryImageOfPage\":{\"@id\":\"https:\/\/nobl.cz\/kancelarsky-nabytek\/luxusni-manazerska-kancelar-dle-navrhu-nobl\/#primaryimage\"},\"datePublished\":\"2016-05-02T13:33:20+00:00\",\"dateModified\":\"2016-05-08T16:26:43+00:00\",\"author\":{\"@id\":\"https:\/\/nobl.cz\/kancelarsky-nabytek\/#\/schema\/person\/f8c868bc80c683aef8e39abb65db150c\"},\"breadcrumb\":{\"@id\":\"https:\/\/nobl.cz\/kancelarsky-nabytek\/luxusni-manazerska-kancelar-dle-navrhu-nobl\/#breadcrumb\"},\"inLanguage\":\"cs\",\"potentialAction\":[{\"@type\":\"ReadAction\",\"target\":[\"https:\/\/nobl.cz\/kancelarsky-nabytek\/luxusni-manazerska-kancelar-dle-navrhu-nobl\/\"]}]},{\"@type\":\"BreadcrumbList\",\"@id\":\"https:\/\/nobl.cz\/kancelarsky-nabytek\/luxusni-manazerska-kancelar-dle-navrhu-nobl\/#breadcrumb\",\"itemListElement\":[{\"@type\":\"ListItem\",\"position\":1,\"name\":\"Dom\\u016f\",\"item\":\"https:\/\/nobl.cz\/kancelarsky-nabytek\/\"},{\"@type\":\"ListItem\",\"position\":2,\"name\":\"Luxusn\\u00ed mana\\u017eersk\\u00e1 kancel\\u00e1\\u0159 dle n\\u00e1vrhu NO+BL\"}]},{\"@type\":\"Person\",\"@id\":\"https:\/\/nobl.cz\/kancelarsky-nabytek\/#\/schema\/person\/f8c868bc80c683aef8e39abb65db150c\",\"name\":\"Michal\",\"image\":{\"@type\":\"ImageObject\",\"@id\":\"https:\/\/nobl.cz\/kancelarsky-nabytek\/#personlogo\",\"inLanguage\":\"cs\",\"url\":\"https:\/\/secure.gravatar.com\/avatar\/455259c7f450215ed2848d8d80f5ea58?s=96&d=mm&r=g\",\"contentUrl\":\"https:\/\/secure.gravatar.com\/avatar\/455259c7f450215ed2848d8d80f5ea58?s=96&d=mm&r=g\",\"caption\":\"Michal\"},\"url\":\"https:\/\/nobl.cz\/kancelarsky-nabytek\/author\/mjedon\/\"}]}<\/script>\n<!-- \/ Yoast SEO plugin. -->","yoast_head_json":{"title":"Luxusn\u00ed mana\u017eersk\u00e1 kancel\u00e1\u0159 dle n\u00e1vrhu NO+BL - NO+BL kancel\u00e1\u0159sk\u00fd n\u00e1bytek a kancel\u00e1\u0159sk\u00e9 \u017eidle Praha","robots":{"index":"index","follow":"follow","max-snippet":"max-snippet:-1","max-image-preview":"max-image-preview:large","max-video-preview":"max-video-preview:-1"},"canonical":"https:\/\/nobl.cz\/kancelarsky-nabytek\/luxusni-manazerska-kancelar-dle-navrhu-nobl\/","og_locale":"cs_CZ","og_type":"article","og_title":"Luxusn\u00ed mana\u017eersk\u00e1 kancel\u00e1\u0159 dle n\u00e1vrhu NO+BL - NO+BL kancel\u00e1\u0159sk\u00fd n\u00e1bytek a kancel\u00e1\u0159sk\u00e9 \u017eidle Praha","og_description":"Design\u00e9r na\u0161\u00ed firmy, pan Ond\u0159ej Hor\u00e1k, v sou\u010dasn\u00e9 dob\u011b dokon\u010duje n\u00e1vrhy na \u0159e\u0161en\u00ed nadstandardn\u00ed mana\u017eersk\u00e9 kancel\u00e1\u0159e jedn\u00e9 z p\u0159edn\u00edch medi\u00e1ln\u00edch firem v \u010cR. Nejprve p\u0159edlo\u017eil dv\u011b zcela odli\u0161n\u00e1 \u0159e\u0161en\u00ed. Prvn\u00ed vyu\u017e\u00edvalo v\u00fdrazn\u00fd design sklen\u011bn\u00fdch a chromov\u00fdch stol\u016f MDD a druh\u00e1 varianta byla sp\u00ed\u0161 konzervativn\u00ed, ale praktick\u00e9 \u0159e\u0161en\u00ed, vych\u00e1zej\u00edc\u00ed z n\u00e1bytkov\u00e9 \u0159ady Exner. K realizaci byla [&hellip;]","og_url":"https:\/\/nobl.cz\/kancelarsky-nabytek\/luxusni-manazerska-kancelar-dle-navrhu-nobl\/","og_site_name":"NO+BL kancel\u00e1\u0159sk\u00fd n\u00e1bytek a kancel\u00e1\u0159sk\u00e9 \u017eidle Praha","article_published_time":"2016-05-02T13:33:20+00:00","article_modified_time":"2016-05-08T16:26:43+00:00","og_image":[{"width":974,"height":771,"url":"https:\/\/nobl.cz\/kancelarsky-nabytek\/wp-content\/uploads\/2016\/05\/nobl_akt1.jpg","type":"image\/jpeg"}],"twitter_card":"summary","twitter_misc":{"Napsal(a)":"Michal","Odhadovan\u00e1 doba \u010dten\u00ed":"1 minuta"},"schema":{"@context":"https:\/\/schema.org","@graph":[{"@type":"WebSite","@id":"https:\/\/nobl.cz\/kancelarsky-nabytek\/#website","url":"https:\/\/nobl.cz\/kancelarsky-nabytek\/","name":"NO+BL kancel\u00e1\u0159sk\u00fd n\u00e1bytek a kancel\u00e1\u0159sk\u00e9 \u017eidle Praha","description":"V\u00e1\u0161 prodejce kancel\u00e1\u0159sk\u00e9ho n\u00e1bytku a kancel\u00e1\u0159sk\u00fdch k\u0159esel v Praze s tradic\u00ed ji\u017e v\u00edce jak 33 let. Nab\u00edz\u00edme tak\u00e9 opravy kancel\u00e1\u0159sk\u00fdch \u017eidl\u00ed.","potentialAction":[{"@type":"SearchAction","target":{"@type":"EntryPoint","urlTemplate":"https:\/\/nobl.cz\/kancelarsky-nabytek\/?s={search_term_string}"},"query-input":"required name=search_term_string"}],"inLanguage":"cs"},{"@type":"ImageObject","@id":"https:\/\/nobl.cz\/kancelarsky-nabytek\/luxusni-manazerska-kancelar-dle-navrhu-nobl\/#primaryimage","inLanguage":"cs","url":"https:\/\/nobl.cz\/kancelarsky-nabytek\/wp-content\/uploads\/2016\/05\/nobl_akt1.jpg","contentUrl":"https:\/\/nobl.cz\/kancelarsky-nabytek\/wp-content\/uploads\/2016\/05\/nobl_akt1.jpg","width":974,"height":771},{"@type":"WebPage","@id":"https:\/\/nobl.cz\/kancelarsky-nabytek\/luxusni-manazerska-kancelar-dle-navrhu-nobl\/#webpage","url":"https:\/\/nobl.cz\/kancelarsky-nabytek\/luxusni-manazerska-kancelar-dle-navrhu-nobl\/","name":"Luxusn\u00ed mana\u017eersk\u00e1 kancel\u00e1\u0159 dle n\u00e1vrhu NO+BL - NO+BL kancel\u00e1\u0159sk\u00fd n\u00e1bytek a kancel\u00e1\u0159sk\u00e9 \u017eidle Praha","isPartOf":{"@id":"https:\/\/nobl.cz\/kancelarsky-nabytek\/#website"},"primaryImageOfPage":{"@id":"https:\/\/nobl.cz\/kancelarsky-nabytek\/luxusni-manazerska-kancelar-dle-navrhu-nobl\/#primaryimage"},"datePublished":"2016-05-02T13:33:20+00:00","dateModified":"2016-05-08T16:26:43+00:00","author":{"@id":"https:\/\/nobl.cz\/kancelarsky-nabytek\/#\/schema\/person\/f8c868bc80c683aef8e39abb65db150c"},"breadcrumb":{"@id":"https:\/\/nobl.cz\/kancelarsky-nabytek\/luxusni-manazerska-kancelar-dle-navrhu-nobl\/#breadcrumb"},"inLanguage":"cs","potentialAction":[{"@type":"ReadAction","target":["https:\/\/nobl.cz\/kancelarsky-nabytek\/luxusni-manazerska-kancelar-dle-navrhu-nobl\/"]}]},{"@type":"BreadcrumbList","@id":"https:\/\/nobl.cz\/kancelarsky-nabytek\/luxusni-manazerska-kancelar-dle-navrhu-nobl\/#breadcrumb","itemListElement":[{"@type":"ListItem","position":1,"name":"Dom\u016f","item":"https:\/\/nobl.cz\/kancelarsky-nabytek\/"},{"@type":"ListItem","position":2,"name":"Luxusn\u00ed mana\u017eersk\u00e1 kancel\u00e1\u0159 dle n\u00e1vrhu NO+BL"}]},{"@type":"Person","@id":"https:\/\/nobl.cz\/kancelarsky-nabytek\/#\/schema\/person\/f8c868bc80c683aef8e39abb65db150c","name":"Michal","image":{"@type":"ImageObject","@id":"https:\/\/nobl.cz\/kancelarsky-nabytek\/#personlogo","inLanguage":"cs","url":"https:\/\/secure.gravatar.com\/avatar\/455259c7f450215ed2848d8d80f5ea58?s=96&d=mm&r=g","contentUrl":"https:\/\/secure.gravatar.com\/avatar\/455259c7f450215ed2848d8d80f5ea58?s=96&d=mm&r=g","caption":"Michal"},"url":"https:\/\/nobl.cz\/kancelarsky-nabytek\/author\/mjedon\/"}]}},"_links":{"self":[{"href":"https:\/\/nobl.cz\/kancelarsky-nabytek\/wp-json\/wp\/v2\/posts\/4757"}],"collection":[{"href":"https:\/\/nobl.cz\/kancelarsky-nabytek\/wp-json\/wp\/v2\/posts"}],"about":[{"href":"https:\/\/nobl.cz\/kancelarsky-nabytek\/wp-json\/wp\/v2\/types\/post"}],"author":[{"embeddable":true,"href":"https:\/\/nobl.cz\/kancelarsky-nabytek\/wp-json\/wp\/v2\/users\/2"}],"replies":[{"embeddable":true,"href":"https:\/\/nobl.cz\/kancelarsky-nabytek\/wp-json\/wp\/v2\/comments?post=4757"}],"version-history":[{"count":2,"href":"https:\/\/nobl.cz\/kancelarsky-nabytek\/wp-json\/wp\/v2\/posts\/4757\/revisions"}],"predecessor-version":[{"id":5107,"href":"https:\/\/nobl.cz\/kancelarsky-nabytek\/wp-json\/wp\/v2\/posts\/4757\/revisions\/5107"}],"wp:featuredmedia":[{"embeddable":true,"href":"https:\/\/nobl.cz\/kancelarsky-nabytek\/wp-json\/wp\/v2\/media\/4769"}],"wp:attachment":[{"href":"https:\/\/nobl.cz\/kancelarsky-nabytek\/wp-json\/wp\/v2\/media?parent=4757"}],"wp:term":[{"taxonomy":"category","embeddable":true,"href":"https:\/\/nobl.cz\/kancelarsky-nabytek\/wp-json\/wp\/v2\/categories?post=4757"},{"taxonomy":"post_tag","embeddable":true,"href":"https:\/\/nobl.cz\/kancelarsky-nabytek\/wp-json\/wp\/v2\/tags?post=4757"}],"curies":[{"name":"wp","href":"https:\/\/api.w.org\/{rel}","templated":true}]}}