{"id":7231,"date":"2017-02-01T23:40:55","date_gmt":"2017-02-01T22:40:55","guid":{"rendered":"http:\/\/nobl.cz\/kancelarsky-nabytek\/?p=7231"},"modified":"2017-02-03T10:47:21","modified_gmt":"2017-02-03T09:47:21","slug":"nove-ceny-potahy-profim","status":"publish","type":"post","link":"https:\/\/nobl.cz\/kancelarsky-nabytek\/nove-ceny-potahy-profim\/","title":{"rendered":"Nov\u00e9 ceny a potahy Profim"},"content":{"rendered":"<h3>V\u00e1\u017een\u00ed z\u00e1kazn\u00edci,<\/h3>\n<p>v\u00fdrobce kancel\u00e1\u0159sk\u00e9ho sezen\u00ed Profim od 1. \u00fanora 2017 upravuje sortiment. Obm\u011b\u0148uje kolekci potahov\u00fdch l\u00e1tek, p\u0159ich\u00e1z\u00ed s novou kolekc\u00ed multifunk\u010dn\u00edch \u017eidl\u00ed Com s korpusy z tvarovan\u00e9 p\u0159ekli\u017eky, dopl\u0148uje \u0159adu Xenon NET o variantu \u017eidle s op\u011brkou hlavy, \u0159adu Fan o \u010dty\u0159ramenn\u00fd k\u0159\u00ed\u017e a \u0159adu Nu o verzi s d\u0159ev\u011bn\u00fdmi nohami.<\/p>\n<p>Z\u00e1rove\u0148 je od 1. \u00fanora 2017 v platnosti nov\u00fd cen\u00edk.<\/p>\n","protected":false},"excerpt":{"rendered":"<p>V\u00e1\u017een\u00ed z\u00e1kazn\u00edci, v\u00fdrobce kancel\u00e1\u0159sk\u00e9ho sezen\u00ed Profim od 1. \u00fanora 2017 upravuje sortiment. Obm\u011b\u0148uje kolekci potahov\u00fdch l\u00e1tek, p\u0159ich\u00e1z\u00ed s novou kolekc\u00ed multifunk\u010dn\u00edch \u017eidl\u00ed Com s korpusy z tvarovan\u00e9 p\u0159ekli\u017eky, dopl\u0148uje \u0159adu Xenon NET o variantu \u017eidle s op\u011brkou hlavy, \u0159adu Fan o \u010dty\u0159ramenn\u00fd k\u0159\u00ed\u017e a \u0159adu Nu o verzi s d\u0159ev\u011bn\u00fdmi nohami. Z\u00e1rove\u0148 je od 1. [&hellip;]\n","protected":false},"author":3,"featured_media":7243,"comment_status":"open","ping_status":"open","sticky":false,"template":"","format":"standard","meta":{"footnotes":""},"categories":[148],"tags":[197,196,195],"yoast_head":"<!-- This site is optimized with the Yoast SEO plugin v17.9 - https:\/\/yoast.com\/wordpress\/plugins\/seo\/ -->\n<title>Nov\u00e9 ceny a potahy Profim - NO+BL kancel\u00e1\u0159sk\u00fd n\u00e1bytek a kancel\u00e1\u0159sk\u00e9 \u017eidle Praha<\/title>\n<meta name=\"robots\" content=\"index, follow, max-snippet:-1, max-image-preview:large, max-video-preview:-1\" \/>\n<link rel=\"canonical\" href=\"https:\/\/nobl.cz\/kancelarsky-nabytek\/nove-ceny-potahy-profim\/\" \/>\n<meta property=\"og:locale\" content=\"cs_CZ\" \/>\n<meta property=\"og:type\" content=\"article\" \/>\n<meta property=\"og:title\" content=\"Nov\u00e9 ceny a potahy Profim - NO+BL kancel\u00e1\u0159sk\u00fd n\u00e1bytek a kancel\u00e1\u0159sk\u00e9 \u017eidle Praha\" \/>\n<meta property=\"og:description\" content=\"V\u00e1\u017een\u00ed z\u00e1kazn\u00edci, v\u00fdrobce kancel\u00e1\u0159sk\u00e9ho sezen\u00ed Profim od 1. \u00fanora 2017 upravuje sortiment. Obm\u011b\u0148uje kolekci potahov\u00fdch l\u00e1tek, p\u0159ich\u00e1z\u00ed s novou kolekc\u00ed multifunk\u010dn\u00edch \u017eidl\u00ed Com s korpusy z tvarovan\u00e9 p\u0159ekli\u017eky, dopl\u0148uje \u0159adu Xenon NET o variantu \u017eidle s op\u011brkou hlavy, \u0159adu Fan o \u010dty\u0159ramenn\u00fd k\u0159\u00ed\u017e a \u0159adu Nu o verzi s d\u0159ev\u011bn\u00fdmi nohami. Z\u00e1rove\u0148 je od 1. [&hellip;]\" \/>\n<meta property=\"og:url\" content=\"https:\/\/nobl.cz\/kancelarsky-nabytek\/nove-ceny-potahy-profim\/\" \/>\n<meta property=\"og:site_name\" content=\"NO+BL kancel\u00e1\u0159sk\u00fd n\u00e1bytek a kancel\u00e1\u0159sk\u00e9 \u017eidle Praha\" \/>\n<meta property=\"article:published_time\" content=\"2017-02-01T22:40:55+00:00\" \/>\n<meta property=\"article:modified_time\" content=\"2017-02-03T09:47:21+00:00\" \/>\n<meta property=\"og:image\" content=\"https:\/\/nobl.cz\/kancelarsky-nabytek\/wp-content\/uploads\/2017\/02\/com_profim.jpg\" \/>\n\t<meta property=\"og:image:width\" content=\"1000\" \/>\n\t<meta property=\"og:image:height\" content=\"781\" \/>\n\t<meta property=\"og:image:type\" content=\"image\/jpeg\" \/>\n<meta name=\"twitter:card\" content=\"summary\" \/>\n<meta name=\"twitter:label1\" content=\"Napsal(a)\" \/>\n\t<meta name=\"twitter:data1\" content=\"Jirka\" \/>\n<script type=\"application\/ld+json\" class=\"yoast-schema-graph\">{\"@context\":\"https:\/\/schema.org\",\"@graph\":[{\"@type\":\"WebSite\",\"@id\":\"https:\/\/nobl.cz\/kancelarsky-nabytek\/#website\",\"url\":\"https:\/\/nobl.cz\/kancelarsky-nabytek\/\",\"name\":\"NO+BL kancel\\u00e1\\u0159sk\\u00fd n\\u00e1bytek a kancel\\u00e1\\u0159sk\\u00e9 \\u017eidle Praha\",\"description\":\"V\\u00e1\\u0161 prodejce kancel\\u00e1\\u0159sk\\u00e9ho n\\u00e1bytku a kancel\\u00e1\\u0159sk\\u00fdch k\\u0159esel v Praze s tradic\\u00ed ji\\u017e v\\u00edce jak 33 let. Nab\\u00edz\\u00edme tak\\u00e9 opravy kancel\\u00e1\\u0159sk\\u00fdch \\u017eidl\\u00ed.\",\"potentialAction\":[{\"@type\":\"SearchAction\",\"target\":{\"@type\":\"EntryPoint\",\"urlTemplate\":\"https:\/\/nobl.cz\/kancelarsky-nabytek\/?s={search_term_string}\"},\"query-input\":\"required name=search_term_string\"}],\"inLanguage\":\"cs\"},{\"@type\":\"ImageObject\",\"@id\":\"https:\/\/nobl.cz\/kancelarsky-nabytek\/nove-ceny-potahy-profim\/#primaryimage\",\"inLanguage\":\"cs\",\"url\":\"https:\/\/nobl.cz\/kancelarsky-nabytek\/wp-content\/uploads\/2017\/02\/com_profim.jpg\",\"contentUrl\":\"https:\/\/nobl.cz\/kancelarsky-nabytek\/wp-content\/uploads\/2017\/02\/com_profim.jpg\",\"width\":1000,\"height\":781},{\"@type\":\"WebPage\",\"@id\":\"https:\/\/nobl.cz\/kancelarsky-nabytek\/nove-ceny-potahy-profim\/#webpage\",\"url\":\"https:\/\/nobl.cz\/kancelarsky-nabytek\/nove-ceny-potahy-profim\/\",\"name\":\"Nov\\u00e9 ceny a potahy Profim - NO+BL kancel\\u00e1\\u0159sk\\u00fd n\\u00e1bytek a kancel\\u00e1\\u0159sk\\u00e9 \\u017eidle Praha\",\"isPartOf\":{\"@id\":\"https:\/\/nobl.cz\/kancelarsky-nabytek\/#website\"},\"primaryImageOfPage\":{\"@id\":\"https:\/\/nobl.cz\/kancelarsky-nabytek\/nove-ceny-potahy-profim\/#primaryimage\"},\"datePublished\":\"2017-02-01T22:40:55+00:00\",\"dateModified\":\"2017-02-03T09:47:21+00:00\",\"author\":{\"@id\":\"https:\/\/nobl.cz\/kancelarsky-nabytek\/#\/schema\/person\/45b150f95f3f0f25d8aaefbe00cf6b20\"},\"breadcrumb\":{\"@id\":\"https:\/\/nobl.cz\/kancelarsky-nabytek\/nove-ceny-potahy-profim\/#breadcrumb\"},\"inLanguage\":\"cs\",\"potentialAction\":[{\"@type\":\"ReadAction\",\"target\":[\"https:\/\/nobl.cz\/kancelarsky-nabytek\/nove-ceny-potahy-profim\/\"]}]},{\"@type\":\"BreadcrumbList\",\"@id\":\"https:\/\/nobl.cz\/kancelarsky-nabytek\/nove-ceny-potahy-profim\/#breadcrumb\",\"itemListElement\":[{\"@type\":\"ListItem\",\"position\":1,\"name\":\"Dom\\u016f\",\"item\":\"https:\/\/nobl.cz\/kancelarsky-nabytek\/\"},{\"@type\":\"ListItem\",\"position\":2,\"name\":\"Nov\\u00e9 ceny a potahy Profim\"}]},{\"@type\":\"Person\",\"@id\":\"https:\/\/nobl.cz\/kancelarsky-nabytek\/#\/schema\/person\/45b150f95f3f0f25d8aaefbe00cf6b20\",\"name\":\"Jirka\",\"image\":{\"@type\":\"ImageObject\",\"@id\":\"https:\/\/nobl.cz\/kancelarsky-nabytek\/#personlogo\",\"inLanguage\":\"cs\",\"url\":\"https:\/\/secure.gravatar.com\/avatar\/f67e18c59f12149acd6b7c5b5fa23609?s=96&d=mm&r=g\",\"contentUrl\":\"https:\/\/secure.gravatar.com\/avatar\/f67e18c59f12149acd6b7c5b5fa23609?s=96&d=mm&r=g\",\"caption\":\"Jirka\"},\"url\":\"https:\/\/nobl.cz\/kancelarsky-nabytek\/author\/noblliben\/\"}]}<\/script>\n<!-- \/ Yoast SEO plugin. -->","yoast_head_json":{"title":"Nov\u00e9 ceny a potahy Profim - NO+BL kancel\u00e1\u0159sk\u00fd n\u00e1bytek a kancel\u00e1\u0159sk\u00e9 \u017eidle Praha","robots":{"index":"index","follow":"follow","max-snippet":"max-snippet:-1","max-image-preview":"max-image-preview:large","max-video-preview":"max-video-preview:-1"},"canonical":"https:\/\/nobl.cz\/kancelarsky-nabytek\/nove-ceny-potahy-profim\/","og_locale":"cs_CZ","og_type":"article","og_title":"Nov\u00e9 ceny a potahy Profim - NO+BL kancel\u00e1\u0159sk\u00fd n\u00e1bytek a kancel\u00e1\u0159sk\u00e9 \u017eidle Praha","og_description":"V\u00e1\u017een\u00ed z\u00e1kazn\u00edci, v\u00fdrobce kancel\u00e1\u0159sk\u00e9ho sezen\u00ed Profim od 1. \u00fanora 2017 upravuje sortiment. Obm\u011b\u0148uje kolekci potahov\u00fdch l\u00e1tek, p\u0159ich\u00e1z\u00ed s novou kolekc\u00ed multifunk\u010dn\u00edch \u017eidl\u00ed Com s korpusy z tvarovan\u00e9 p\u0159ekli\u017eky, dopl\u0148uje \u0159adu Xenon NET o variantu \u017eidle s op\u011brkou hlavy, \u0159adu Fan o \u010dty\u0159ramenn\u00fd k\u0159\u00ed\u017e a \u0159adu Nu o verzi s d\u0159ev\u011bn\u00fdmi nohami. Z\u00e1rove\u0148 je od 1. [&hellip;]","og_url":"https:\/\/nobl.cz\/kancelarsky-nabytek\/nove-ceny-potahy-profim\/","og_site_name":"NO+BL kancel\u00e1\u0159sk\u00fd n\u00e1bytek a kancel\u00e1\u0159sk\u00e9 \u017eidle Praha","article_published_time":"2017-02-01T22:40:55+00:00","article_modified_time":"2017-02-03T09:47:21+00:00","og_image":[{"width":1000,"height":781,"url":"https:\/\/nobl.cz\/kancelarsky-nabytek\/wp-content\/uploads\/2017\/02\/com_profim.jpg","type":"image\/jpeg"}],"twitter_card":"summary","twitter_misc":{"Napsal(a)":"Jirka"},"schema":{"@context":"https:\/\/schema.org","@graph":[{"@type":"WebSite","@id":"https:\/\/nobl.cz\/kancelarsky-nabytek\/#website","url":"https:\/\/nobl.cz\/kancelarsky-nabytek\/","name":"NO+BL kancel\u00e1\u0159sk\u00fd n\u00e1bytek a kancel\u00e1\u0159sk\u00e9 \u017eidle Praha","description":"V\u00e1\u0161 prodejce kancel\u00e1\u0159sk\u00e9ho n\u00e1bytku a kancel\u00e1\u0159sk\u00fdch k\u0159esel v Praze s tradic\u00ed ji\u017e v\u00edce jak 33 let. Nab\u00edz\u00edme tak\u00e9 opravy kancel\u00e1\u0159sk\u00fdch \u017eidl\u00ed.","potentialAction":[{"@type":"SearchAction","target":{"@type":"EntryPoint","urlTemplate":"https:\/\/nobl.cz\/kancelarsky-nabytek\/?s={search_term_string}"},"query-input":"required name=search_term_string"}],"inLanguage":"cs"},{"@type":"ImageObject","@id":"https:\/\/nobl.cz\/kancelarsky-nabytek\/nove-ceny-potahy-profim\/#primaryimage","inLanguage":"cs","url":"https:\/\/nobl.cz\/kancelarsky-nabytek\/wp-content\/uploads\/2017\/02\/com_profim.jpg","contentUrl":"https:\/\/nobl.cz\/kancelarsky-nabytek\/wp-content\/uploads\/2017\/02\/com_profim.jpg","width":1000,"height":781},{"@type":"WebPage","@id":"https:\/\/nobl.cz\/kancelarsky-nabytek\/nove-ceny-potahy-profim\/#webpage","url":"https:\/\/nobl.cz\/kancelarsky-nabytek\/nove-ceny-potahy-profim\/","name":"Nov\u00e9 ceny a potahy Profim - NO+BL kancel\u00e1\u0159sk\u00fd n\u00e1bytek a kancel\u00e1\u0159sk\u00e9 \u017eidle Praha","isPartOf":{"@id":"https:\/\/nobl.cz\/kancelarsky-nabytek\/#website"},"primaryImageOfPage":{"@id":"https:\/\/nobl.cz\/kancelarsky-nabytek\/nove-ceny-potahy-profim\/#primaryimage"},"datePublished":"2017-02-01T22:40:55+00:00","dateModified":"2017-02-03T09:47:21+00:00","author":{"@id":"https:\/\/nobl.cz\/kancelarsky-nabytek\/#\/schema\/person\/45b150f95f3f0f25d8aaefbe00cf6b20"},"breadcrumb":{"@id":"https:\/\/nobl.cz\/kancelarsky-nabytek\/nove-ceny-potahy-profim\/#breadcrumb"},"inLanguage":"cs","potentialAction":[{"@type":"ReadAction","target":["https:\/\/nobl.cz\/kancelarsky-nabytek\/nove-ceny-potahy-profim\/"]}]},{"@type":"BreadcrumbList","@id":"https:\/\/nobl.cz\/kancelarsky-nabytek\/nove-ceny-potahy-profim\/#breadcrumb","itemListElement":[{"@type":"ListItem","position":1,"name":"Dom\u016f","item":"https:\/\/nobl.cz\/kancelarsky-nabytek\/"},{"@type":"ListItem","position":2,"name":"Nov\u00e9 ceny a potahy Profim"}]},{"@type":"Person","@id":"https:\/\/nobl.cz\/kancelarsky-nabytek\/#\/schema\/person\/45b150f95f3f0f25d8aaefbe00cf6b20","name":"Jirka","image":{"@type":"ImageObject","@id":"https:\/\/nobl.cz\/kancelarsky-nabytek\/#personlogo","inLanguage":"cs","url":"https:\/\/secure.gravatar.com\/avatar\/f67e18c59f12149acd6b7c5b5fa23609?s=96&d=mm&r=g","contentUrl":"https:\/\/secure.gravatar.com\/avatar\/f67e18c59f12149acd6b7c5b5fa23609?s=96&d=mm&r=g","caption":"Jirka"},"url":"https:\/\/nobl.cz\/kancelarsky-nabytek\/author\/noblliben\/"}]}},"_links":{"self":[{"href":"https:\/\/nobl.cz\/kancelarsky-nabytek\/wp-json\/wp\/v2\/posts\/7231"}],"collection":[{"href":"https:\/\/nobl.cz\/kancelarsky-nabytek\/wp-json\/wp\/v2\/posts"}],"about":[{"href":"https:\/\/nobl.cz\/kancelarsky-nabytek\/wp-json\/wp\/v2\/types\/post"}],"author":[{"embeddable":true,"href":"https:\/\/nobl.cz\/kancelarsky-nabytek\/wp-json\/wp\/v2\/users\/3"}],"replies":[{"embeddable":true,"href":"https:\/\/nobl.cz\/kancelarsky-nabytek\/wp-json\/wp\/v2\/comments?post=7231"}],"version-history":[{"count":1,"href":"https:\/\/nobl.cz\/kancelarsky-nabytek\/wp-json\/wp\/v2\/posts\/7231\/revisions"}],"predecessor-version":[{"id":7232,"href":"https:\/\/nobl.cz\/kancelarsky-nabytek\/wp-json\/wp\/v2\/posts\/7231\/revisions\/7232"}],"wp:featuredmedia":[{"embeddable":true,"href":"https:\/\/nobl.cz\/kancelarsky-nabytek\/wp-json\/wp\/v2\/media\/7243"}],"wp:attachment":[{"href":"https:\/\/nobl.cz\/kancelarsky-nabytek\/wp-json\/wp\/v2\/media?parent=7231"}],"wp:term":[{"taxonomy":"category","embeddable":true,"href":"https:\/\/nobl.cz\/kancelarsky-nabytek\/wp-json\/wp\/v2\/categories?post=7231"},{"taxonomy":"post_tag","embeddable":true,"href":"https:\/\/nobl.cz\/kancelarsky-nabytek\/wp-json\/wp\/v2\/tags?post=7231"}],"curies":[{"name":"wp","href":"https:\/\/api.w.org\/{rel}","templated":true}]}}