{"id":7351,"date":"2017-02-27T08:51:29","date_gmt":"2017-02-27T07:51:29","guid":{"rendered":"http:\/\/nobl.cz\/kancelarsky-nabytek\/?p=7351"},"modified":"2017-02-28T20:07:38","modified_gmt":"2017-02-28T19:07:38","slug":"prohlednete-si-nasi-novou-galerii-3d-vizualizaci","status":"publish","type":"post","link":"https:\/\/nobl.cz\/kancelarsky-nabytek\/prohlednete-si-nasi-novou-galerii-3d-vizualizaci\/","title":{"rendered":"Prohl\u00e9dn\u011bte si na\u0161i novou galerii 3D Vizualizac\u00ed !"},"content":{"rendered":"<p>Pokud m\u00e1te tak\u00e9 z\u00e1jem o podobnou vizualizaci nov\u00e9ho n\u00e1bytku ve va\u0161em prostoru, tak n\u00e1s nev\u00e1hejte kontaktovat a r\u00e1di p\u0159iprav\u00edme podobnou s\u00e9rii sn\u00edmk\u016f i pro V\u00e1s! V\u011b\u0159\u00edme, \u017ee pak bude pro ka\u017ed\u00e9ho mnohem jednodu\u0161\u0161\u00ed si vybrat ten spr\u00e1vn\u00fd n\u00e1bytek.<\/p>\n<p>Nav\u0161tivte sekci <a href=\"http:\/\/nobl.cz\/kancelarsky-nabytek\/kontakty-nobl-praha\/\">KONTAKT<\/a> \u010di se zastavte na prodejn\u011b v Praze! D\u011bkujeme.<\/p>\n\n\t\t<style type=\"text\/css\">\n\t\t\t#gallery-1 {\n\t\t\t\tmargin: auto;\n\t\t\t}\n\t\t\t#gallery-1 .gallery-item {\n\t\t\t\tfloat: left;\n\t\t\t\tmargin-top: 10px;\n\t\t\t\ttext-align: center;\n\t\t\t\twidth: 33%;\n\t\t\t}\n\t\t\t#gallery-1 img {\n\t\t\t\tborder: 2px solid #cfcfcf;\n\t\t\t}\n\t\t\t#gallery-1 .gallery-caption {\n\t\t\t\tmargin-left: 0;\n\t\t\t}\n\t\t\t\/* see gallery_shortcode() in wp-includes\/media.php *\/\n\t\t<\/style>\n\t\t<div id='gallery-1' class='gallery galleryid-7351 gallery-columns-3 gallery-size-full'><dl class='gallery-item'>\n\t\t\t<dt class='gallery-icon landscape'>\n\t\t\t\t<a href='https:\/\/nobl.cz\/kancelarsky-nabytek\/wp-content\/uploads\/2017\/02\/A2.jpg'><img loading=\"lazy\" decoding=\"async\" width=\"1384\" height=\"774\" src=\"https:\/\/nobl.cz\/kancelarsky-nabytek\/wp-content\/uploads\/2017\/02\/A2.jpg\" class=\"attachment-full size-full\" alt=\"\" srcset=\"https:\/\/nobl.cz\/kancelarsky-nabytek\/wp-content\/uploads\/2017\/02\/A2.jpg 1384w, https:\/\/nobl.cz\/kancelarsky-nabytek\/wp-content\/uploads\/2017\/02\/A2-800x447.jpg 800w, https:\/\/nobl.cz\/kancelarsky-nabytek\/wp-content\/uploads\/2017\/02\/A2-768x430.jpg 768w\" sizes=\"(max-width: 1384px) 100vw, 1384px\" \/><\/a>\n\t\t\t<\/dt><\/dl><dl class='gallery-item'>\n\t\t\t<dt class='gallery-icon landscape'>\n\t\t\t\t<a href='https:\/\/nobl.cz\/kancelarsky-nabytek\/wp-content\/uploads\/2017\/02\/A9.jpg'><img loading=\"lazy\" decoding=\"async\" width=\"1384\" height=\"774\" src=\"https:\/\/nobl.cz\/kancelarsky-nabytek\/wp-content\/uploads\/2017\/02\/A9.jpg\" class=\"attachment-full size-full\" alt=\"\" srcset=\"https:\/\/nobl.cz\/kancelarsky-nabytek\/wp-content\/uploads\/2017\/02\/A9.jpg 1384w, https:\/\/nobl.cz\/kancelarsky-nabytek\/wp-content\/uploads\/2017\/02\/A9-800x447.jpg 800w, https:\/\/nobl.cz\/kancelarsky-nabytek\/wp-content\/uploads\/2017\/02\/A9-768x430.jpg 768w\" sizes=\"(max-width: 1384px) 100vw, 1384px\" \/><\/a>\n\t\t\t<\/dt><\/dl><dl class='gallery-item'>\n\t\t\t<dt class='gallery-icon landscape'>\n\t\t\t\t<a href='https:\/\/nobl.cz\/kancelarsky-nabytek\/wp-content\/uploads\/2017\/02\/A8.jpg'><img loading=\"lazy\" decoding=\"async\" width=\"1336\" height=\"774\" src=\"https:\/\/nobl.cz\/kancelarsky-nabytek\/wp-content\/uploads\/2017\/02\/A8.jpg\" class=\"attachment-full size-full\" alt=\"\" srcset=\"https:\/\/nobl.cz\/kancelarsky-nabytek\/wp-content\/uploads\/2017\/02\/A8.jpg 1336w, https:\/\/nobl.cz\/kancelarsky-nabytek\/wp-content\/uploads\/2017\/02\/A8-800x463.jpg 800w, https:\/\/nobl.cz\/kancelarsky-nabytek\/wp-content\/uploads\/2017\/02\/A8-768x445.jpg 768w\" sizes=\"(max-width: 1336px) 100vw, 1336px\" \/><\/a>\n\t\t\t<\/dt><\/dl><br style=\"clear: both\" \/><dl class='gallery-item'>\n\t\t\t<dt class='gallery-icon landscape'>\n\t\t\t\t<a href='https:\/\/nobl.cz\/kancelarsky-nabytek\/wp-content\/uploads\/2017\/02\/A7.jpg'><img loading=\"lazy\" decoding=\"async\" width=\"1336\" height=\"774\" src=\"https:\/\/nobl.cz\/kancelarsky-nabytek\/wp-content\/uploads\/2017\/02\/A7.jpg\" class=\"attachment-full size-full\" alt=\"\" srcset=\"https:\/\/nobl.cz\/kancelarsky-nabytek\/wp-content\/uploads\/2017\/02\/A7.jpg 1336w, https:\/\/nobl.cz\/kancelarsky-nabytek\/wp-content\/uploads\/2017\/02\/A7-800x463.jpg 800w, https:\/\/nobl.cz\/kancelarsky-nabytek\/wp-content\/uploads\/2017\/02\/A7-768x445.jpg 768w\" sizes=\"(max-width: 1336px) 100vw, 1336px\" \/><\/a>\n\t\t\t<\/dt><\/dl><dl class='gallery-item'>\n\t\t\t<dt class='gallery-icon landscape'>\n\t\t\t\t<a href='https:\/\/nobl.cz\/kancelarsky-nabytek\/wp-content\/uploads\/2017\/02\/A6.jpg'><img loading=\"lazy\" decoding=\"async\" width=\"1384\" height=\"774\" src=\"https:\/\/nobl.cz\/kancelarsky-nabytek\/wp-content\/uploads\/2017\/02\/A6.jpg\" class=\"attachment-full size-full\" alt=\"\" srcset=\"https:\/\/nobl.cz\/kancelarsky-nabytek\/wp-content\/uploads\/2017\/02\/A6.jpg 1384w, https:\/\/nobl.cz\/kancelarsky-nabytek\/wp-content\/uploads\/2017\/02\/A6-800x447.jpg 800w, https:\/\/nobl.cz\/kancelarsky-nabytek\/wp-content\/uploads\/2017\/02\/A6-768x430.jpg 768w\" sizes=\"(max-width: 1384px) 100vw, 1384px\" \/><\/a>\n\t\t\t<\/dt><\/dl><dl class='gallery-item'>\n\t\t\t<dt class='gallery-icon landscape'>\n\t\t\t\t<a href='https:\/\/nobl.cz\/kancelarsky-nabytek\/wp-content\/uploads\/2017\/02\/A5.jpg'><img loading=\"lazy\" decoding=\"async\" width=\"1384\" height=\"774\" src=\"https:\/\/nobl.cz\/kancelarsky-nabytek\/wp-content\/uploads\/2017\/02\/A5.jpg\" class=\"attachment-full size-full\" alt=\"\" srcset=\"https:\/\/nobl.cz\/kancelarsky-nabytek\/wp-content\/uploads\/2017\/02\/A5.jpg 1384w, https:\/\/nobl.cz\/kancelarsky-nabytek\/wp-content\/uploads\/2017\/02\/A5-800x447.jpg 800w, https:\/\/nobl.cz\/kancelarsky-nabytek\/wp-content\/uploads\/2017\/02\/A5-768x430.jpg 768w\" sizes=\"(max-width: 1384px) 100vw, 1384px\" \/><\/a>\n\t\t\t<\/dt><\/dl><br style=\"clear: both\" \/><dl class='gallery-item'>\n\t\t\t<dt class='gallery-icon landscape'>\n\t\t\t\t<a href='https:\/\/nobl.cz\/kancelarsky-nabytek\/wp-content\/uploads\/2017\/02\/A4.jpg'><img loading=\"lazy\" decoding=\"async\" width=\"1384\" height=\"774\" src=\"https:\/\/nobl.cz\/kancelarsky-nabytek\/wp-content\/uploads\/2017\/02\/A4.jpg\" class=\"attachment-full size-full\" alt=\"\" srcset=\"https:\/\/nobl.cz\/kancelarsky-nabytek\/wp-content\/uploads\/2017\/02\/A4.jpg 1384w, https:\/\/nobl.cz\/kancelarsky-nabytek\/wp-content\/uploads\/2017\/02\/A4-800x447.jpg 800w, https:\/\/nobl.cz\/kancelarsky-nabytek\/wp-content\/uploads\/2017\/02\/A4-768x430.jpg 768w\" sizes=\"(max-width: 1384px) 100vw, 1384px\" \/><\/a>\n\t\t\t<\/dt><\/dl><dl class='gallery-item'>\n\t\t\t<dt class='gallery-icon landscape'>\n\t\t\t\t<a href='https:\/\/nobl.cz\/kancelarsky-nabytek\/wp-content\/uploads\/2017\/02\/A1.jpg'><img loading=\"lazy\" decoding=\"async\" width=\"1364\" height=\"774\" src=\"https:\/\/nobl.cz\/kancelarsky-nabytek\/wp-content\/uploads\/2017\/02\/A1.jpg\" class=\"attachment-full size-full\" alt=\"\" srcset=\"https:\/\/nobl.cz\/kancelarsky-nabytek\/wp-content\/uploads\/2017\/02\/A1.jpg 1364w, https:\/\/nobl.cz\/kancelarsky-nabytek\/wp-content\/uploads\/2017\/02\/A1-800x454.jpg 800w, https:\/\/nobl.cz\/kancelarsky-nabytek\/wp-content\/uploads\/2017\/02\/A1-768x436.jpg 768w\" sizes=\"(max-width: 1364px) 100vw, 1364px\" \/><\/a>\n\t\t\t<\/dt><\/dl><dl class='gallery-item'>\n\t\t\t<dt class='gallery-icon landscape'>\n\t\t\t\t<a href='https:\/\/nobl.cz\/kancelarsky-nabytek\/wp-content\/uploads\/2017\/02\/A3.png'><img loading=\"lazy\" decoding=\"async\" width=\"1384\" height=\"774\" src=\"https:\/\/nobl.cz\/kancelarsky-nabytek\/wp-content\/uploads\/2017\/02\/A3.png\" class=\"attachment-full size-full\" alt=\"\" srcset=\"https:\/\/nobl.cz\/kancelarsky-nabytek\/wp-content\/uploads\/2017\/02\/A3.png 1384w, https:\/\/nobl.cz\/kancelarsky-nabytek\/wp-content\/uploads\/2017\/02\/A3-800x447.png 800w, https:\/\/nobl.cz\/kancelarsky-nabytek\/wp-content\/uploads\/2017\/02\/A3-768x430.png 768w\" sizes=\"(max-width: 1384px) 100vw, 1384px\" \/><\/a>\n\t\t\t<\/dt><\/dl><br style=\"clear: both\" \/>\n\t\t<\/div>\n\n","protected":false},"excerpt":{"rendered":"<p>Pokud m\u00e1te tak\u00e9 z\u00e1jem o podobnou vizualizaci nov\u00e9ho n\u00e1bytku ve va\u0161em prostoru, tak n\u00e1s nev\u00e1hejte kontaktovat a r\u00e1di p\u0159iprav\u00edme podobnou s\u00e9rii sn\u00edmk\u016f i pro V\u00e1s! V\u011b\u0159\u00edme, \u017ee pak bude pro ka\u017ed\u00e9ho mnohem jednodu\u0161\u0161\u00ed si vybrat ten spr\u00e1vn\u00fd n\u00e1bytek. Nav\u0161tivte sekci KONTAKT \u010di se zastavte na prodejn\u011b v Praze! D\u011bkujeme.<\/p>\n","protected":false},"author":2,"featured_media":7356,"comment_status":"closed","ping_status":"closed","sticky":false,"template":"","format":"standard","meta":{"footnotes":""},"categories":[148],"tags":[],"yoast_head":"<!-- This site is optimized with the Yoast SEO plugin v17.9 - https:\/\/yoast.com\/wordpress\/plugins\/seo\/ -->\n<title>Prohl\u00e9dn\u011bte si na\u0161i novou galerii 3D Vizualizac\u00ed ! - NO+BL kancel\u00e1\u0159sk\u00fd n\u00e1bytek a kancel\u00e1\u0159sk\u00e9 \u017eidle Praha<\/title>\n<meta name=\"robots\" content=\"index, follow, max-snippet:-1, max-image-preview:large, max-video-preview:-1\" \/>\n<link rel=\"canonical\" href=\"https:\/\/nobl.cz\/kancelarsky-nabytek\/prohlednete-si-nasi-novou-galerii-3d-vizualizaci\/\" \/>\n<meta property=\"og:locale\" content=\"cs_CZ\" \/>\n<meta property=\"og:type\" content=\"article\" \/>\n<meta property=\"og:title\" content=\"Prohl\u00e9dn\u011bte si na\u0161i novou galerii 3D Vizualizac\u00ed ! - NO+BL kancel\u00e1\u0159sk\u00fd n\u00e1bytek a kancel\u00e1\u0159sk\u00e9 \u017eidle Praha\" \/>\n<meta property=\"og:description\" content=\"Pokud m\u00e1te tak\u00e9 z\u00e1jem o podobnou vizualizaci nov\u00e9ho n\u00e1bytku ve va\u0161em prostoru, tak n\u00e1s nev\u00e1hejte kontaktovat a r\u00e1di p\u0159iprav\u00edme podobnou s\u00e9rii sn\u00edmk\u016f i pro V\u00e1s! V\u011b\u0159\u00edme, \u017ee pak bude pro ka\u017ed\u00e9ho mnohem jednodu\u0161\u0161\u00ed si vybrat ten spr\u00e1vn\u00fd n\u00e1bytek. Nav\u0161tivte sekci KONTAKT \u010di se zastavte na prodejn\u011b v Praze! D\u011bkujeme.\" \/>\n<meta property=\"og:url\" content=\"https:\/\/nobl.cz\/kancelarsky-nabytek\/prohlednete-si-nasi-novou-galerii-3d-vizualizaci\/\" \/>\n<meta property=\"og:site_name\" content=\"NO+BL kancel\u00e1\u0159sk\u00fd n\u00e1bytek a kancel\u00e1\u0159sk\u00e9 \u017eidle Praha\" \/>\n<meta property=\"article:published_time\" content=\"2017-02-27T07:51:29+00:00\" \/>\n<meta property=\"article:modified_time\" content=\"2017-02-28T19:07:38+00:00\" \/>\n<meta property=\"og:image\" content=\"https:\/\/nobl.cz\/kancelarsky-nabytek\/wp-content\/uploads\/2017\/02\/A4-1.jpg\" \/>\n\t<meta property=\"og:image:width\" content=\"774\" \/>\n\t<meta property=\"og:image:height\" content=\"774\" \/>\n\t<meta property=\"og:image:type\" content=\"image\/jpeg\" \/>\n<meta name=\"twitter:card\" content=\"summary\" \/>\n<meta name=\"twitter:label1\" content=\"Napsal(a)\" \/>\n\t<meta name=\"twitter:data1\" content=\"Michal\" \/>\n<script type=\"application\/ld+json\" class=\"yoast-schema-graph\">{\"@context\":\"https:\/\/schema.org\",\"@graph\":[{\"@type\":\"WebSite\",\"@id\":\"https:\/\/nobl.cz\/kancelarsky-nabytek\/#website\",\"url\":\"https:\/\/nobl.cz\/kancelarsky-nabytek\/\",\"name\":\"NO+BL kancel\\u00e1\\u0159sk\\u00fd n\\u00e1bytek a kancel\\u00e1\\u0159sk\\u00e9 \\u017eidle Praha\",\"description\":\"V\\u00e1\\u0161 prodejce kancel\\u00e1\\u0159sk\\u00e9ho n\\u00e1bytku a kancel\\u00e1\\u0159sk\\u00fdch k\\u0159esel v Praze s tradic\\u00ed ji\\u017e v\\u00edce jak 33 let. Nab\\u00edz\\u00edme tak\\u00e9 opravy kancel\\u00e1\\u0159sk\\u00fdch \\u017eidl\\u00ed.\",\"potentialAction\":[{\"@type\":\"SearchAction\",\"target\":{\"@type\":\"EntryPoint\",\"urlTemplate\":\"https:\/\/nobl.cz\/kancelarsky-nabytek\/?s={search_term_string}\"},\"query-input\":\"required name=search_term_string\"}],\"inLanguage\":\"cs\"},{\"@type\":\"ImageObject\",\"@id\":\"https:\/\/nobl.cz\/kancelarsky-nabytek\/prohlednete-si-nasi-novou-galerii-3d-vizualizaci\/#primaryimage\",\"inLanguage\":\"cs\",\"url\":\"https:\/\/nobl.cz\/kancelarsky-nabytek\/wp-content\/uploads\/2017\/02\/A4-1.jpg\",\"contentUrl\":\"https:\/\/nobl.cz\/kancelarsky-nabytek\/wp-content\/uploads\/2017\/02\/A4-1.jpg\",\"width\":774,\"height\":774},{\"@type\":\"WebPage\",\"@id\":\"https:\/\/nobl.cz\/kancelarsky-nabytek\/prohlednete-si-nasi-novou-galerii-3d-vizualizaci\/#webpage\",\"url\":\"https:\/\/nobl.cz\/kancelarsky-nabytek\/prohlednete-si-nasi-novou-galerii-3d-vizualizaci\/\",\"name\":\"Prohl\\u00e9dn\\u011bte si na\\u0161i novou galerii 3D Vizualizac\\u00ed ! - NO+BL kancel\\u00e1\\u0159sk\\u00fd n\\u00e1bytek a kancel\\u00e1\\u0159sk\\u00e9 \\u017eidle Praha\",\"isPartOf\":{\"@id\":\"https:\/\/nobl.cz\/kancelarsky-nabytek\/#website\"},\"primaryImageOfPage\":{\"@id\":\"https:\/\/nobl.cz\/kancelarsky-nabytek\/prohlednete-si-nasi-novou-galerii-3d-vizualizaci\/#primaryimage\"},\"datePublished\":\"2017-02-27T07:51:29+00:00\",\"dateModified\":\"2017-02-28T19:07:38+00:00\",\"author\":{\"@id\":\"https:\/\/nobl.cz\/kancelarsky-nabytek\/#\/schema\/person\/f8c868bc80c683aef8e39abb65db150c\"},\"breadcrumb\":{\"@id\":\"https:\/\/nobl.cz\/kancelarsky-nabytek\/prohlednete-si-nasi-novou-galerii-3d-vizualizaci\/#breadcrumb\"},\"inLanguage\":\"cs\",\"potentialAction\":[{\"@type\":\"ReadAction\",\"target\":[\"https:\/\/nobl.cz\/kancelarsky-nabytek\/prohlednete-si-nasi-novou-galerii-3d-vizualizaci\/\"]}]},{\"@type\":\"BreadcrumbList\",\"@id\":\"https:\/\/nobl.cz\/kancelarsky-nabytek\/prohlednete-si-nasi-novou-galerii-3d-vizualizaci\/#breadcrumb\",\"itemListElement\":[{\"@type\":\"ListItem\",\"position\":1,\"name\":\"Dom\\u016f\",\"item\":\"https:\/\/nobl.cz\/kancelarsky-nabytek\/\"},{\"@type\":\"ListItem\",\"position\":2,\"name\":\"Prohl\\u00e9dn\\u011bte si na\\u0161i novou galerii 3D Vizualizac\\u00ed !\"}]},{\"@type\":\"Person\",\"@id\":\"https:\/\/nobl.cz\/kancelarsky-nabytek\/#\/schema\/person\/f8c868bc80c683aef8e39abb65db150c\",\"name\":\"Michal\",\"image\":{\"@type\":\"ImageObject\",\"@id\":\"https:\/\/nobl.cz\/kancelarsky-nabytek\/#personlogo\",\"inLanguage\":\"cs\",\"url\":\"https:\/\/secure.gravatar.com\/avatar\/455259c7f450215ed2848d8d80f5ea58?s=96&d=mm&r=g\",\"contentUrl\":\"https:\/\/secure.gravatar.com\/avatar\/455259c7f450215ed2848d8d80f5ea58?s=96&d=mm&r=g\",\"caption\":\"Michal\"},\"url\":\"https:\/\/nobl.cz\/kancelarsky-nabytek\/author\/mjedon\/\"}]}<\/script>\n<!-- \/ Yoast SEO plugin. -->","yoast_head_json":{"title":"Prohl\u00e9dn\u011bte si na\u0161i novou galerii 3D Vizualizac\u00ed ! - NO+BL kancel\u00e1\u0159sk\u00fd n\u00e1bytek a kancel\u00e1\u0159sk\u00e9 \u017eidle Praha","robots":{"index":"index","follow":"follow","max-snippet":"max-snippet:-1","max-image-preview":"max-image-preview:large","max-video-preview":"max-video-preview:-1"},"canonical":"https:\/\/nobl.cz\/kancelarsky-nabytek\/prohlednete-si-nasi-novou-galerii-3d-vizualizaci\/","og_locale":"cs_CZ","og_type":"article","og_title":"Prohl\u00e9dn\u011bte si na\u0161i novou galerii 3D Vizualizac\u00ed ! - NO+BL kancel\u00e1\u0159sk\u00fd n\u00e1bytek a kancel\u00e1\u0159sk\u00e9 \u017eidle Praha","og_description":"Pokud m\u00e1te tak\u00e9 z\u00e1jem o podobnou vizualizaci nov\u00e9ho n\u00e1bytku ve va\u0161em prostoru, tak n\u00e1s nev\u00e1hejte kontaktovat a r\u00e1di p\u0159iprav\u00edme podobnou s\u00e9rii sn\u00edmk\u016f i pro V\u00e1s! V\u011b\u0159\u00edme, \u017ee pak bude pro ka\u017ed\u00e9ho mnohem jednodu\u0161\u0161\u00ed si vybrat ten spr\u00e1vn\u00fd n\u00e1bytek. Nav\u0161tivte sekci KONTAKT \u010di se zastavte na prodejn\u011b v Praze! D\u011bkujeme.","og_url":"https:\/\/nobl.cz\/kancelarsky-nabytek\/prohlednete-si-nasi-novou-galerii-3d-vizualizaci\/","og_site_name":"NO+BL kancel\u00e1\u0159sk\u00fd n\u00e1bytek a kancel\u00e1\u0159sk\u00e9 \u017eidle Praha","article_published_time":"2017-02-27T07:51:29+00:00","article_modified_time":"2017-02-28T19:07:38+00:00","og_image":[{"width":774,"height":774,"url":"https:\/\/nobl.cz\/kancelarsky-nabytek\/wp-content\/uploads\/2017\/02\/A4-1.jpg","type":"image\/jpeg"}],"twitter_card":"summary","twitter_misc":{"Napsal(a)":"Michal"},"schema":{"@context":"https:\/\/schema.org","@graph":[{"@type":"WebSite","@id":"https:\/\/nobl.cz\/kancelarsky-nabytek\/#website","url":"https:\/\/nobl.cz\/kancelarsky-nabytek\/","name":"NO+BL kancel\u00e1\u0159sk\u00fd n\u00e1bytek a kancel\u00e1\u0159sk\u00e9 \u017eidle Praha","description":"V\u00e1\u0161 prodejce kancel\u00e1\u0159sk\u00e9ho n\u00e1bytku a kancel\u00e1\u0159sk\u00fdch k\u0159esel v Praze s tradic\u00ed ji\u017e v\u00edce jak 33 let. Nab\u00edz\u00edme tak\u00e9 opravy kancel\u00e1\u0159sk\u00fdch \u017eidl\u00ed.","potentialAction":[{"@type":"SearchAction","target":{"@type":"EntryPoint","urlTemplate":"https:\/\/nobl.cz\/kancelarsky-nabytek\/?s={search_term_string}"},"query-input":"required name=search_term_string"}],"inLanguage":"cs"},{"@type":"ImageObject","@id":"https:\/\/nobl.cz\/kancelarsky-nabytek\/prohlednete-si-nasi-novou-galerii-3d-vizualizaci\/#primaryimage","inLanguage":"cs","url":"https:\/\/nobl.cz\/kancelarsky-nabytek\/wp-content\/uploads\/2017\/02\/A4-1.jpg","contentUrl":"https:\/\/nobl.cz\/kancelarsky-nabytek\/wp-content\/uploads\/2017\/02\/A4-1.jpg","width":774,"height":774},{"@type":"WebPage","@id":"https:\/\/nobl.cz\/kancelarsky-nabytek\/prohlednete-si-nasi-novou-galerii-3d-vizualizaci\/#webpage","url":"https:\/\/nobl.cz\/kancelarsky-nabytek\/prohlednete-si-nasi-novou-galerii-3d-vizualizaci\/","name":"Prohl\u00e9dn\u011bte si na\u0161i novou galerii 3D Vizualizac\u00ed ! - NO+BL kancel\u00e1\u0159sk\u00fd n\u00e1bytek a kancel\u00e1\u0159sk\u00e9 \u017eidle Praha","isPartOf":{"@id":"https:\/\/nobl.cz\/kancelarsky-nabytek\/#website"},"primaryImageOfPage":{"@id":"https:\/\/nobl.cz\/kancelarsky-nabytek\/prohlednete-si-nasi-novou-galerii-3d-vizualizaci\/#primaryimage"},"datePublished":"2017-02-27T07:51:29+00:00","dateModified":"2017-02-28T19:07:38+00:00","author":{"@id":"https:\/\/nobl.cz\/kancelarsky-nabytek\/#\/schema\/person\/f8c868bc80c683aef8e39abb65db150c"},"breadcrumb":{"@id":"https:\/\/nobl.cz\/kancelarsky-nabytek\/prohlednete-si-nasi-novou-galerii-3d-vizualizaci\/#breadcrumb"},"inLanguage":"cs","potentialAction":[{"@type":"ReadAction","target":["https:\/\/nobl.cz\/kancelarsky-nabytek\/prohlednete-si-nasi-novou-galerii-3d-vizualizaci\/"]}]},{"@type":"BreadcrumbList","@id":"https:\/\/nobl.cz\/kancelarsky-nabytek\/prohlednete-si-nasi-novou-galerii-3d-vizualizaci\/#breadcrumb","itemListElement":[{"@type":"ListItem","position":1,"name":"Dom\u016f","item":"https:\/\/nobl.cz\/kancelarsky-nabytek\/"},{"@type":"ListItem","position":2,"name":"Prohl\u00e9dn\u011bte si na\u0161i novou galerii 3D Vizualizac\u00ed !"}]},{"@type":"Person","@id":"https:\/\/nobl.cz\/kancelarsky-nabytek\/#\/schema\/person\/f8c868bc80c683aef8e39abb65db150c","name":"Michal","image":{"@type":"ImageObject","@id":"https:\/\/nobl.cz\/kancelarsky-nabytek\/#personlogo","inLanguage":"cs","url":"https:\/\/secure.gravatar.com\/avatar\/455259c7f450215ed2848d8d80f5ea58?s=96&d=mm&r=g","contentUrl":"https:\/\/secure.gravatar.com\/avatar\/455259c7f450215ed2848d8d80f5ea58?s=96&d=mm&r=g","caption":"Michal"},"url":"https:\/\/nobl.cz\/kancelarsky-nabytek\/author\/mjedon\/"}]}},"_links":{"self":[{"href":"https:\/\/nobl.cz\/kancelarsky-nabytek\/wp-json\/wp\/v2\/posts\/7351"}],"collection":[{"href":"https:\/\/nobl.cz\/kancelarsky-nabytek\/wp-json\/wp\/v2\/posts"}],"about":[{"href":"https:\/\/nobl.cz\/kancelarsky-nabytek\/wp-json\/wp\/v2\/types\/post"}],"author":[{"embeddable":true,"href":"https:\/\/nobl.cz\/kancelarsky-nabytek\/wp-json\/wp\/v2\/users\/2"}],"replies":[{"embeddable":true,"href":"https:\/\/nobl.cz\/kancelarsky-nabytek\/wp-json\/wp\/v2\/comments?post=7351"}],"version-history":[{"count":2,"href":"https:\/\/nobl.cz\/kancelarsky-nabytek\/wp-json\/wp\/v2\/posts\/7351\/revisions"}],"predecessor-version":[{"id":7353,"href":"https:\/\/nobl.cz\/kancelarsky-nabytek\/wp-json\/wp\/v2\/posts\/7351\/revisions\/7353"}],"wp:featuredmedia":[{"embeddable":true,"href":"https:\/\/nobl.cz\/kancelarsky-nabytek\/wp-json\/wp\/v2\/media\/7356"}],"wp:attachment":[{"href":"https:\/\/nobl.cz\/kancelarsky-nabytek\/wp-json\/wp\/v2\/media?parent=7351"}],"wp:term":[{"taxonomy":"category","embeddable":true,"href":"https:\/\/nobl.cz\/kancelarsky-nabytek\/wp-json\/wp\/v2\/categories?post=7351"},{"taxonomy":"post_tag","embeddable":true,"href":"https:\/\/nobl.cz\/kancelarsky-nabytek\/wp-json\/wp\/v2\/tags?post=7351"}],"curies":[{"name":"wp","href":"https:\/\/api.w.org\/{rel}","templated":true}]}}