{"id":7358,"date":"2017-06-14T11:52:23","date_gmt":"2017-06-14T10:52:23","guid":{"rendered":"http:\/\/nobl.cz\/kancelarsky-nabytek\/?p=7358"},"modified":"2017-06-14T11:57:30","modified_gmt":"2017-06-14T10:57:30","slug":"pozor-mimoradny-vyprodej-italskeho-designoveho-nabytku","status":"publish","type":"post","link":"https:\/\/nobl.cz\/kancelarsky-nabytek\/pozor-mimoradny-vyprodej-italskeho-designoveho-nabytku\/","title":{"rendered":"Pozor! Mimo\u0159\u00e1dn\u00fd v\u00fdprodej italsk\u00e9ho designov\u00e9ho n\u00e1bytku!"},"content":{"rendered":"<p>Vyu\u017e\u00edjte p\u0159\u00edle\u017eitost, kter\u00e9 u\u017e se ur\u010dit\u011b nebude opakovat! Po 10 letech jsme ukon\u010dili provoz <strong>sestersk\u00e9 prodejny designov\u00e9ho n\u00e1bytku JESPEN<\/strong> a V\u00e1m tak m\u016f\u017eeme nab\u00eddnou posledn\u00edch p\u00e1r nov\u00fdch kousk\u016f designov\u00e9ho n\u00e1bytku p\u0159\u00edmo z prodejny v Praze s v\u00fdraznou individu\u00e1ln\u00ed slevou!<\/p>\n<h1><a href=\"http:\/\/jespen.cz\/vyprodej\/nabytku\" target=\"_blank\" rel=\"noopener noreferrer\">Kompletn\u00ed nab\u00eddku najdete zde! <\/a><\/h1>\n<p><strong>Pro rezervaci zbo\u017e\u00ed \u010di domluven\u00ed prohl\u00eddky volejte +420 603 440 471<\/strong><\/p>\n","protected":false},"excerpt":{"rendered":"<p>Vyu\u017e\u00edjte p\u0159\u00edle\u017eitost, kter\u00e9 u\u017e se ur\u010dit\u011b nebude opakovat! Po 10 letech jsme ukon\u010dili provoz sestersk\u00e9 prodejny designov\u00e9ho n\u00e1bytku JESPEN a V\u00e1m tak m\u016f\u017eeme nab\u00eddnou posledn\u00edch p\u00e1r nov\u00fdch kousk\u016f designov\u00e9ho n\u00e1bytku p\u0159\u00edmo z prodejny v Praze s v\u00fdraznou individu\u00e1ln\u00ed slevou! Kompletn\u00ed nab\u00eddku najdete zde! Pro rezervaci zbo\u017e\u00ed \u010di domluven\u00ed prohl\u00eddky volejte +420 603 440 471<\/p>\n","protected":false},"author":2,"featured_media":7450,"comment_status":"closed","ping_status":"open","sticky":false,"template":"","format":"standard","meta":{"footnotes":""},"categories":[148],"tags":[],"yoast_head":"<!-- This site is optimized with the Yoast SEO plugin v17.9 - https:\/\/yoast.com\/wordpress\/plugins\/seo\/ -->\n<title>Pozor! Mimo\u0159\u00e1dn\u00fd v\u00fdprodej italsk\u00e9ho designov\u00e9ho n\u00e1bytku! - NO+BL kancel\u00e1\u0159sk\u00fd n\u00e1bytek a kancel\u00e1\u0159sk\u00e9 \u017eidle Praha<\/title>\n<meta name=\"robots\" content=\"index, follow, max-snippet:-1, max-image-preview:large, max-video-preview:-1\" \/>\n<link rel=\"canonical\" href=\"https:\/\/nobl.cz\/kancelarsky-nabytek\/pozor-mimoradny-vyprodej-italskeho-designoveho-nabytku\/\" \/>\n<meta property=\"og:locale\" content=\"cs_CZ\" \/>\n<meta property=\"og:type\" content=\"article\" \/>\n<meta property=\"og:title\" content=\"Pozor! Mimo\u0159\u00e1dn\u00fd v\u00fdprodej italsk\u00e9ho designov\u00e9ho n\u00e1bytku! - NO+BL kancel\u00e1\u0159sk\u00fd n\u00e1bytek a kancel\u00e1\u0159sk\u00e9 \u017eidle Praha\" \/>\n<meta property=\"og:description\" content=\"Vyu\u017e\u00edjte p\u0159\u00edle\u017eitost, kter\u00e9 u\u017e se ur\u010dit\u011b nebude opakovat! Po 10 letech jsme ukon\u010dili provoz sestersk\u00e9 prodejny designov\u00e9ho n\u00e1bytku JESPEN a V\u00e1m tak m\u016f\u017eeme nab\u00eddnou posledn\u00edch p\u00e1r nov\u00fdch kousk\u016f designov\u00e9ho n\u00e1bytku p\u0159\u00edmo z prodejny v Praze s v\u00fdraznou individu\u00e1ln\u00ed slevou! Kompletn\u00ed nab\u00eddku najdete zde! Pro rezervaci zbo\u017e\u00ed \u010di domluven\u00ed prohl\u00eddky volejte +420 603 440 471\" \/>\n<meta property=\"og:url\" content=\"https:\/\/nobl.cz\/kancelarsky-nabytek\/pozor-mimoradny-vyprodej-italskeho-designoveho-nabytku\/\" \/>\n<meta property=\"og:site_name\" content=\"NO+BL kancel\u00e1\u0159sk\u00fd n\u00e1bytek a kancel\u00e1\u0159sk\u00e9 \u017eidle Praha\" \/>\n<meta property=\"article:published_time\" content=\"2017-06-14T10:52:23+00:00\" \/>\n<meta property=\"article:modified_time\" content=\"2017-06-14T10:57:30+00:00\" \/>\n<meta property=\"og:image\" content=\"https:\/\/nobl.cz\/kancelarsky-nabytek\/wp-content\/uploads\/2017\/02\/kel1-1000x800.jpg\" \/>\n\t<meta property=\"og:image:width\" content=\"1000\" \/>\n\t<meta property=\"og:image:height\" content=\"800\" \/>\n\t<meta property=\"og:image:type\" content=\"image\/jpeg\" \/>\n<meta name=\"twitter:card\" content=\"summary\" \/>\n<meta name=\"twitter:label1\" content=\"Napsal(a)\" \/>\n\t<meta name=\"twitter:data1\" content=\"Michal\" \/>\n<script type=\"application\/ld+json\" class=\"yoast-schema-graph\">{\"@context\":\"https:\/\/schema.org\",\"@graph\":[{\"@type\":\"WebSite\",\"@id\":\"https:\/\/nobl.cz\/kancelarsky-nabytek\/#website\",\"url\":\"https:\/\/nobl.cz\/kancelarsky-nabytek\/\",\"name\":\"NO+BL kancel\\u00e1\\u0159sk\\u00fd n\\u00e1bytek a kancel\\u00e1\\u0159sk\\u00e9 \\u017eidle Praha\",\"description\":\"V\\u00e1\\u0161 prodejce kancel\\u00e1\\u0159sk\\u00e9ho n\\u00e1bytku a kancel\\u00e1\\u0159sk\\u00fdch k\\u0159esel v Praze s tradic\\u00ed ji\\u017e v\\u00edce jak 33 let. Nab\\u00edz\\u00edme tak\\u00e9 opravy kancel\\u00e1\\u0159sk\\u00fdch \\u017eidl\\u00ed.\",\"potentialAction\":[{\"@type\":\"SearchAction\",\"target\":{\"@type\":\"EntryPoint\",\"urlTemplate\":\"https:\/\/nobl.cz\/kancelarsky-nabytek\/?s={search_term_string}\"},\"query-input\":\"required name=search_term_string\"}],\"inLanguage\":\"cs\"},{\"@type\":\"ImageObject\",\"@id\":\"https:\/\/nobl.cz\/kancelarsky-nabytek\/pozor-mimoradny-vyprodej-italskeho-designoveho-nabytku\/#primaryimage\",\"inLanguage\":\"cs\",\"url\":\"https:\/\/nobl.cz\/kancelarsky-nabytek\/wp-content\/uploads\/2017\/02\/kel1-1000x800.jpg\",\"contentUrl\":\"https:\/\/nobl.cz\/kancelarsky-nabytek\/wp-content\/uploads\/2017\/02\/kel1-1000x800.jpg\",\"width\":\"1000\",\"height\":\"800\"},{\"@type\":\"WebPage\",\"@id\":\"https:\/\/nobl.cz\/kancelarsky-nabytek\/pozor-mimoradny-vyprodej-italskeho-designoveho-nabytku\/#webpage\",\"url\":\"https:\/\/nobl.cz\/kancelarsky-nabytek\/pozor-mimoradny-vyprodej-italskeho-designoveho-nabytku\/\",\"name\":\"Pozor! Mimo\\u0159\\u00e1dn\\u00fd v\\u00fdprodej italsk\\u00e9ho designov\\u00e9ho n\\u00e1bytku! - NO+BL kancel\\u00e1\\u0159sk\\u00fd n\\u00e1bytek a kancel\\u00e1\\u0159sk\\u00e9 \\u017eidle Praha\",\"isPartOf\":{\"@id\":\"https:\/\/nobl.cz\/kancelarsky-nabytek\/#website\"},\"primaryImageOfPage\":{\"@id\":\"https:\/\/nobl.cz\/kancelarsky-nabytek\/pozor-mimoradny-vyprodej-italskeho-designoveho-nabytku\/#primaryimage\"},\"datePublished\":\"2017-06-14T10:52:23+00:00\",\"dateModified\":\"2017-06-14T10:57:30+00:00\",\"author\":{\"@id\":\"https:\/\/nobl.cz\/kancelarsky-nabytek\/#\/schema\/person\/f8c868bc80c683aef8e39abb65db150c\"},\"breadcrumb\":{\"@id\":\"https:\/\/nobl.cz\/kancelarsky-nabytek\/pozor-mimoradny-vyprodej-italskeho-designoveho-nabytku\/#breadcrumb\"},\"inLanguage\":\"cs\",\"potentialAction\":[{\"@type\":\"ReadAction\",\"target\":[\"https:\/\/nobl.cz\/kancelarsky-nabytek\/pozor-mimoradny-vyprodej-italskeho-designoveho-nabytku\/\"]}]},{\"@type\":\"BreadcrumbList\",\"@id\":\"https:\/\/nobl.cz\/kancelarsky-nabytek\/pozor-mimoradny-vyprodej-italskeho-designoveho-nabytku\/#breadcrumb\",\"itemListElement\":[{\"@type\":\"ListItem\",\"position\":1,\"name\":\"Dom\\u016f\",\"item\":\"https:\/\/nobl.cz\/kancelarsky-nabytek\/\"},{\"@type\":\"ListItem\",\"position\":2,\"name\":\"Pozor! Mimo\\u0159\\u00e1dn\\u00fd v\\u00fdprodej italsk\\u00e9ho designov\\u00e9ho n\\u00e1bytku!\"}]},{\"@type\":\"Person\",\"@id\":\"https:\/\/nobl.cz\/kancelarsky-nabytek\/#\/schema\/person\/f8c868bc80c683aef8e39abb65db150c\",\"name\":\"Michal\",\"image\":{\"@type\":\"ImageObject\",\"@id\":\"https:\/\/nobl.cz\/kancelarsky-nabytek\/#personlogo\",\"inLanguage\":\"cs\",\"url\":\"https:\/\/secure.gravatar.com\/avatar\/455259c7f450215ed2848d8d80f5ea58?s=96&d=mm&r=g\",\"contentUrl\":\"https:\/\/secure.gravatar.com\/avatar\/455259c7f450215ed2848d8d80f5ea58?s=96&d=mm&r=g\",\"caption\":\"Michal\"},\"url\":\"https:\/\/nobl.cz\/kancelarsky-nabytek\/author\/mjedon\/\"}]}<\/script>\n<!-- \/ Yoast SEO plugin. -->","yoast_head_json":{"title":"Pozor! Mimo\u0159\u00e1dn\u00fd v\u00fdprodej italsk\u00e9ho designov\u00e9ho n\u00e1bytku! - NO+BL kancel\u00e1\u0159sk\u00fd n\u00e1bytek a kancel\u00e1\u0159sk\u00e9 \u017eidle Praha","robots":{"index":"index","follow":"follow","max-snippet":"max-snippet:-1","max-image-preview":"max-image-preview:large","max-video-preview":"max-video-preview:-1"},"canonical":"https:\/\/nobl.cz\/kancelarsky-nabytek\/pozor-mimoradny-vyprodej-italskeho-designoveho-nabytku\/","og_locale":"cs_CZ","og_type":"article","og_title":"Pozor! Mimo\u0159\u00e1dn\u00fd v\u00fdprodej italsk\u00e9ho designov\u00e9ho n\u00e1bytku! - NO+BL kancel\u00e1\u0159sk\u00fd n\u00e1bytek a kancel\u00e1\u0159sk\u00e9 \u017eidle Praha","og_description":"Vyu\u017e\u00edjte p\u0159\u00edle\u017eitost, kter\u00e9 u\u017e se ur\u010dit\u011b nebude opakovat! Po 10 letech jsme ukon\u010dili provoz sestersk\u00e9 prodejny designov\u00e9ho n\u00e1bytku JESPEN a V\u00e1m tak m\u016f\u017eeme nab\u00eddnou posledn\u00edch p\u00e1r nov\u00fdch kousk\u016f designov\u00e9ho n\u00e1bytku p\u0159\u00edmo z prodejny v Praze s v\u00fdraznou individu\u00e1ln\u00ed slevou! Kompletn\u00ed nab\u00eddku najdete zde! Pro rezervaci zbo\u017e\u00ed \u010di domluven\u00ed prohl\u00eddky volejte +420 603 440 471","og_url":"https:\/\/nobl.cz\/kancelarsky-nabytek\/pozor-mimoradny-vyprodej-italskeho-designoveho-nabytku\/","og_site_name":"NO+BL kancel\u00e1\u0159sk\u00fd n\u00e1bytek a kancel\u00e1\u0159sk\u00e9 \u017eidle Praha","article_published_time":"2017-06-14T10:52:23+00:00","article_modified_time":"2017-06-14T10:57:30+00:00","og_image":[{"width":"1000","height":"800","url":"https:\/\/nobl.cz\/kancelarsky-nabytek\/wp-content\/uploads\/2017\/02\/kel1-1000x800.jpg","type":"image\/jpeg"}],"twitter_card":"summary","twitter_misc":{"Napsal(a)":"Michal"},"schema":{"@context":"https:\/\/schema.org","@graph":[{"@type":"WebSite","@id":"https:\/\/nobl.cz\/kancelarsky-nabytek\/#website","url":"https:\/\/nobl.cz\/kancelarsky-nabytek\/","name":"NO+BL kancel\u00e1\u0159sk\u00fd n\u00e1bytek a kancel\u00e1\u0159sk\u00e9 \u017eidle Praha","description":"V\u00e1\u0161 prodejce kancel\u00e1\u0159sk\u00e9ho n\u00e1bytku a kancel\u00e1\u0159sk\u00fdch k\u0159esel v Praze s tradic\u00ed ji\u017e v\u00edce jak 33 let. Nab\u00edz\u00edme tak\u00e9 opravy kancel\u00e1\u0159sk\u00fdch \u017eidl\u00ed.","potentialAction":[{"@type":"SearchAction","target":{"@type":"EntryPoint","urlTemplate":"https:\/\/nobl.cz\/kancelarsky-nabytek\/?s={search_term_string}"},"query-input":"required name=search_term_string"}],"inLanguage":"cs"},{"@type":"ImageObject","@id":"https:\/\/nobl.cz\/kancelarsky-nabytek\/pozor-mimoradny-vyprodej-italskeho-designoveho-nabytku\/#primaryimage","inLanguage":"cs","url":"https:\/\/nobl.cz\/kancelarsky-nabytek\/wp-content\/uploads\/2017\/02\/kel1-1000x800.jpg","contentUrl":"https:\/\/nobl.cz\/kancelarsky-nabytek\/wp-content\/uploads\/2017\/02\/kel1-1000x800.jpg","width":"1000","height":"800"},{"@type":"WebPage","@id":"https:\/\/nobl.cz\/kancelarsky-nabytek\/pozor-mimoradny-vyprodej-italskeho-designoveho-nabytku\/#webpage","url":"https:\/\/nobl.cz\/kancelarsky-nabytek\/pozor-mimoradny-vyprodej-italskeho-designoveho-nabytku\/","name":"Pozor! Mimo\u0159\u00e1dn\u00fd v\u00fdprodej italsk\u00e9ho designov\u00e9ho n\u00e1bytku! - NO+BL kancel\u00e1\u0159sk\u00fd n\u00e1bytek a kancel\u00e1\u0159sk\u00e9 \u017eidle Praha","isPartOf":{"@id":"https:\/\/nobl.cz\/kancelarsky-nabytek\/#website"},"primaryImageOfPage":{"@id":"https:\/\/nobl.cz\/kancelarsky-nabytek\/pozor-mimoradny-vyprodej-italskeho-designoveho-nabytku\/#primaryimage"},"datePublished":"2017-06-14T10:52:23+00:00","dateModified":"2017-06-14T10:57:30+00:00","author":{"@id":"https:\/\/nobl.cz\/kancelarsky-nabytek\/#\/schema\/person\/f8c868bc80c683aef8e39abb65db150c"},"breadcrumb":{"@id":"https:\/\/nobl.cz\/kancelarsky-nabytek\/pozor-mimoradny-vyprodej-italskeho-designoveho-nabytku\/#breadcrumb"},"inLanguage":"cs","potentialAction":[{"@type":"ReadAction","target":["https:\/\/nobl.cz\/kancelarsky-nabytek\/pozor-mimoradny-vyprodej-italskeho-designoveho-nabytku\/"]}]},{"@type":"BreadcrumbList","@id":"https:\/\/nobl.cz\/kancelarsky-nabytek\/pozor-mimoradny-vyprodej-italskeho-designoveho-nabytku\/#breadcrumb","itemListElement":[{"@type":"ListItem","position":1,"name":"Dom\u016f","item":"https:\/\/nobl.cz\/kancelarsky-nabytek\/"},{"@type":"ListItem","position":2,"name":"Pozor! Mimo\u0159\u00e1dn\u00fd v\u00fdprodej italsk\u00e9ho designov\u00e9ho n\u00e1bytku!"}]},{"@type":"Person","@id":"https:\/\/nobl.cz\/kancelarsky-nabytek\/#\/schema\/person\/f8c868bc80c683aef8e39abb65db150c","name":"Michal","image":{"@type":"ImageObject","@id":"https:\/\/nobl.cz\/kancelarsky-nabytek\/#personlogo","inLanguage":"cs","url":"https:\/\/secure.gravatar.com\/avatar\/455259c7f450215ed2848d8d80f5ea58?s=96&d=mm&r=g","contentUrl":"https:\/\/secure.gravatar.com\/avatar\/455259c7f450215ed2848d8d80f5ea58?s=96&d=mm&r=g","caption":"Michal"},"url":"https:\/\/nobl.cz\/kancelarsky-nabytek\/author\/mjedon\/"}]}},"_links":{"self":[{"href":"https:\/\/nobl.cz\/kancelarsky-nabytek\/wp-json\/wp\/v2\/posts\/7358"}],"collection":[{"href":"https:\/\/nobl.cz\/kancelarsky-nabytek\/wp-json\/wp\/v2\/posts"}],"about":[{"href":"https:\/\/nobl.cz\/kancelarsky-nabytek\/wp-json\/wp\/v2\/types\/post"}],"author":[{"embeddable":true,"href":"https:\/\/nobl.cz\/kancelarsky-nabytek\/wp-json\/wp\/v2\/users\/2"}],"replies":[{"embeddable":true,"href":"https:\/\/nobl.cz\/kancelarsky-nabytek\/wp-json\/wp\/v2\/comments?post=7358"}],"version-history":[{"count":3,"href":"https:\/\/nobl.cz\/kancelarsky-nabytek\/wp-json\/wp\/v2\/posts\/7358\/revisions"}],"predecessor-version":[{"id":7508,"href":"https:\/\/nobl.cz\/kancelarsky-nabytek\/wp-json\/wp\/v2\/posts\/7358\/revisions\/7508"}],"wp:featuredmedia":[{"embeddable":true,"href":"https:\/\/nobl.cz\/kancelarsky-nabytek\/wp-json\/wp\/v2\/media\/7450"}],"wp:attachment":[{"href":"https:\/\/nobl.cz\/kancelarsky-nabytek\/wp-json\/wp\/v2\/media?parent=7358"}],"wp:term":[{"taxonomy":"category","embeddable":true,"href":"https:\/\/nobl.cz\/kancelarsky-nabytek\/wp-json\/wp\/v2\/categories?post=7358"},{"taxonomy":"post_tag","embeddable":true,"href":"https:\/\/nobl.cz\/kancelarsky-nabytek\/wp-json\/wp\/v2\/tags?post=7358"}],"curies":[{"name":"wp","href":"https:\/\/api.w.org\/{rel}","templated":true}]}}