{"id":7443,"date":"2017-04-11T09:35:04","date_gmt":"2017-04-11T08:35:04","guid":{"rendered":"http:\/\/nobl.cz\/kancelarsky-nabytek\/?p=7443"},"modified":"2017-04-21T08:48:24","modified_gmt":"2017-04-21T07:48:24","slug":"luxusni-kancelare-vaclavskem-namesti","status":"publish","type":"post","link":"https:\/\/nobl.cz\/kancelarsky-nabytek\/luxusni-kancelare-vaclavskem-namesti\/","title":{"rendered":"Nov\u00e1 realizace kancel\u00e1\u0159\u00ed na V\u00e1clavsk\u00e9m n\u00e1m\u011bst\u00ed"},"content":{"rendered":"<p align=\"justify\">Firma NO+BL kancel\u00e1\u0159sk\u00fd n\u00e1bytek dostala nab\u00eddku od architekt\u016f Palladio Progetti \u00fa\u010dastnit se vybavov\u00e1n\u00ed kancel\u00e1\u0159sk\u00fdch prostor pro v\u011bt\u0161\u00ed italskou developerskou skupinu. Ta si pronajala atraktivn\u00ed \u010d\u00e1st 3. patra ve velmi slavn\u00e9m objektu &#8222;\u010cKD&#8220;, p\u0159\u00edmo na V\u00e1clavsk\u00e9m n\u00e1m\u011bst\u00ed.<\/p>\n<p align=\"justify\">Po prvn\u00edch konzultac\u00edch si z\u00e1kazn\u00edk vybral n\u00e1bytkovou \u0159adu NO+BL White Line, ze kter\u00e9 byly vytvo\u0159eny n\u00e1vrhy v\u0161ech prostor. Sklen\u011bn\u00e9 p\u0159\u00ed\u010dky dod\u00e1vala spole\u010dnost Likos a kvalitn\u00ed kobercov\u00e9 \u010dtverce firma Breno.<\/p>\n<p align=\"justify\">B\u011bhem p\u00e1r dn\u00ed byl prostor vyklizen a p\u0159ipraveny v\u0161echny s\u00edt\u011b. Pak nastoupili mont\u00e9\u0159i s p\u0159\u00ed\u010dkami a spole\u010dn\u011b s nimi doko\u010dili polo\u017een\u00ed krytiny i podlah\u00e1\u0159i. NO+BL nast\u011bhoval a smontoval v\u0161echen n\u00e1bytek za 3 pracovn\u00ed dny. Celkov\u00e1 rekonstrukce trvala pouh\u00fdch 45 dn\u00ed!<\/p>\n<p align=\"justify\">V p\u0159ilo\u017een\u00e9 fotoserii je vid\u011bt postup prac\u00ed, n\u00e1vrhy \u0159e\u0161en\u00ed a nakonec vlastn\u00ed hotov\u00e1 realizace. Bli\u017e\u0161\u00ed informace V\u00e1m r\u00e1d pod\u00e1 ing. arch. Petr Nov\u00e1k &#8211; <a href=\"mailto:petr.novak@nobl.cz\" target=\"_blank\">petr.novak@nobl.cz<\/a><\/p>\n\n\t\t<style type=\"text\/css\">\n\t\t\t#gallery-1 {\n\t\t\t\tmargin: auto;\n\t\t\t}\n\t\t\t#gallery-1 .gallery-item {\n\t\t\t\tfloat: left;\n\t\t\t\tmargin-top: 10px;\n\t\t\t\ttext-align: center;\n\t\t\t\twidth: 33%;\n\t\t\t}\n\t\t\t#gallery-1 img {\n\t\t\t\tborder: 2px solid #cfcfcf;\n\t\t\t}\n\t\t\t#gallery-1 .gallery-caption {\n\t\t\t\tmargin-left: 0;\n\t\t\t}\n\t\t\t\/* see gallery_shortcode() in wp-includes\/media.php *\/\n\t\t<\/style>\n\t\t<div id='gallery-1' class='gallery galleryid-7443 gallery-columns-3 gallery-size-medium'><dl class='gallery-item'>\n\t\t\t<dt class='gallery-icon landscape'>\n\t\t\t\t<a href='https:\/\/nobl.cz\/kancelarsky-nabytek\/wp-content\/uploads\/2017\/04\/1vyklizenz\u030c-prostor1.jpg.jpg'><img loading=\"lazy\" decoding=\"async\" width=\"800\" height=\"600\" src=\"https:\/\/nobl.cz\/kancelarsky-nabytek\/wp-content\/uploads\/2017\/04\/1vyklizenz\u030c-prostor1.jpg-800x600.jpg\" class=\"attachment-medium size-medium\" alt=\"\" srcset=\"https:\/\/nobl.cz\/kancelarsky-nabytek\/wp-content\/uploads\/2017\/04\/1vyklizenz\u030c-prostor1.jpg-800x600.jpg 800w, https:\/\/nobl.cz\/kancelarsky-nabytek\/wp-content\/uploads\/2017\/04\/1vyklizenz\u030c-prostor1.jpg-768x576.jpg 768w, https:\/\/nobl.cz\/kancelarsky-nabytek\/wp-content\/uploads\/2017\/04\/1vyklizenz\u030c-prostor1.jpg-1600x1200.jpg 1600w, https:\/\/nobl.cz\/kancelarsky-nabytek\/wp-content\/uploads\/2017\/04\/1vyklizenz\u030c-prostor1.jpg.jpg 1632w\" sizes=\"(max-width: 800px) 100vw, 800px\" \/><\/a>\n\t\t\t<\/dt><\/dl><dl class='gallery-item'>\n\t\t\t<dt class='gallery-icon landscape'>\n\t\t\t\t<a href='https:\/\/nobl.cz\/kancelarsky-nabytek\/wp-content\/uploads\/2017\/04\/3stavba-pz\u0307\u00b0u\u0308ek1.jpg.jpg'><img loading=\"lazy\" decoding=\"async\" width=\"800\" height=\"600\" src=\"https:\/\/nobl.cz\/kancelarsky-nabytek\/wp-content\/uploads\/2017\/04\/3stavba-pz\u0307\u00b0u\u0308ek1.jpg-800x600.jpg\" class=\"attachment-medium size-medium\" alt=\"\" srcset=\"https:\/\/nobl.cz\/kancelarsky-nabytek\/wp-content\/uploads\/2017\/04\/3stavba-pz\u0307\u00b0u\u0308ek1.jpg-800x600.jpg 800w, https:\/\/nobl.cz\/kancelarsky-nabytek\/wp-content\/uploads\/2017\/04\/3stavba-pz\u0307\u00b0u\u0308ek1.jpg-768x576.jpg 768w, https:\/\/nobl.cz\/kancelarsky-nabytek\/wp-content\/uploads\/2017\/04\/3stavba-pz\u0307\u00b0u\u0308ek1.jpg-1600x1200.jpg 1600w, https:\/\/nobl.cz\/kancelarsky-nabytek\/wp-content\/uploads\/2017\/04\/3stavba-pz\u0307\u00b0u\u0308ek1.jpg.jpg 1632w\" sizes=\"(max-width: 800px) 100vw, 800px\" \/><\/a>\n\t\t\t<\/dt><\/dl><dl class='gallery-item'>\n\t\t\t<dt class='gallery-icon landscape'>\n\t\t\t\t<a href='https:\/\/nobl.cz\/kancelarsky-nabytek\/wp-content\/uploads\/2017\/04\/4stavba-pz\u0307\u00b0u\u0308ek2.jpg.jpg'><img loading=\"lazy\" decoding=\"async\" width=\"800\" height=\"600\" src=\"https:\/\/nobl.cz\/kancelarsky-nabytek\/wp-content\/uploads\/2017\/04\/4stavba-pz\u0307\u00b0u\u0308ek2.jpg-800x600.jpg\" class=\"attachment-medium size-medium\" alt=\"\" srcset=\"https:\/\/nobl.cz\/kancelarsky-nabytek\/wp-content\/uploads\/2017\/04\/4stavba-pz\u0307\u00b0u\u0308ek2.jpg-800x600.jpg 800w, https:\/\/nobl.cz\/kancelarsky-nabytek\/wp-content\/uploads\/2017\/04\/4stavba-pz\u0307\u00b0u\u0308ek2.jpg-768x576.jpg 768w, https:\/\/nobl.cz\/kancelarsky-nabytek\/wp-content\/uploads\/2017\/04\/4stavba-pz\u0307\u00b0u\u0308ek2.jpg-1600x1200.jpg 1600w, https:\/\/nobl.cz\/kancelarsky-nabytek\/wp-content\/uploads\/2017\/04\/4stavba-pz\u0307\u00b0u\u0308ek2.jpg.jpg 1632w\" sizes=\"(max-width: 800px) 100vw, 800px\" \/><\/a>\n\t\t\t<\/dt><\/dl><br style=\"clear: both\" \/><dl class='gallery-item'>\n\t\t\t<dt class='gallery-icon landscape'>\n\t\t\t\t<a href='https:\/\/nobl.cz\/kancelarsky-nabytek\/wp-content\/uploads\/2017\/04\/5pokl\u2020dka-kobercO\u03082.jpg.jpg'><img loading=\"lazy\" decoding=\"async\" width=\"800\" height=\"600\" src=\"https:\/\/nobl.cz\/kancelarsky-nabytek\/wp-content\/uploads\/2017\/04\/5pokl\u2020dka-kobercO\u03082.jpg-800x600.jpg\" class=\"attachment-medium size-medium\" alt=\"\" srcset=\"https:\/\/nobl.cz\/kancelarsky-nabytek\/wp-content\/uploads\/2017\/04\/5pokl\u2020dka-kobercO\u03082.jpg-800x600.jpg 800w, https:\/\/nobl.cz\/kancelarsky-nabytek\/wp-content\/uploads\/2017\/04\/5pokl\u2020dka-kobercO\u03082.jpg-768x576.jpg 768w, https:\/\/nobl.cz\/kancelarsky-nabytek\/wp-content\/uploads\/2017\/04\/5pokl\u2020dka-kobercO\u03082.jpg-1600x1200.jpg 1600w, https:\/\/nobl.cz\/kancelarsky-nabytek\/wp-content\/uploads\/2017\/04\/5pokl\u2020dka-kobercO\u03082.jpg.jpg 1632w\" sizes=\"(max-width: 800px) 100vw, 800px\" \/><\/a>\n\t\t\t<\/dt><\/dl><dl class='gallery-item'>\n\t\t\t<dt class='gallery-icon landscape'>\n\t\t\t\t<a href='https:\/\/nobl.cz\/kancelarsky-nabytek\/wp-content\/uploads\/2017\/04\/6pokl\u2020dka-kobrcu1.jpg.jpg'><img loading=\"lazy\" decoding=\"async\" width=\"800\" height=\"600\" src=\"https:\/\/nobl.cz\/kancelarsky-nabytek\/wp-content\/uploads\/2017\/04\/6pokl\u2020dka-kobrcu1.jpg-800x600.jpg\" class=\"attachment-medium size-medium\" alt=\"\" srcset=\"https:\/\/nobl.cz\/kancelarsky-nabytek\/wp-content\/uploads\/2017\/04\/6pokl\u2020dka-kobrcu1.jpg-800x600.jpg 800w, https:\/\/nobl.cz\/kancelarsky-nabytek\/wp-content\/uploads\/2017\/04\/6pokl\u2020dka-kobrcu1.jpg-768x576.jpg 768w, https:\/\/nobl.cz\/kancelarsky-nabytek\/wp-content\/uploads\/2017\/04\/6pokl\u2020dka-kobrcu1.jpg-1600x1200.jpg 1600w, https:\/\/nobl.cz\/kancelarsky-nabytek\/wp-content\/uploads\/2017\/04\/6pokl\u2020dka-kobrcu1.jpg.jpg 1632w\" sizes=\"(max-width: 800px) 100vw, 800px\" \/><\/a>\n\t\t\t<\/dt><\/dl><dl class='gallery-item'>\n\t\t\t<dt class='gallery-icon landscape'>\n\t\t\t\t<a href='https:\/\/nobl.cz\/kancelarsky-nabytek\/wp-content\/uploads\/2017\/04\/7mont\u00df-n\u2020bytku1.jpg.jpg'><img loading=\"lazy\" decoding=\"async\" width=\"800\" height=\"600\" src=\"https:\/\/nobl.cz\/kancelarsky-nabytek\/wp-content\/uploads\/2017\/04\/7mont\u00df-n\u2020bytku1.jpg-800x600.jpg\" class=\"attachment-medium size-medium\" alt=\"\" srcset=\"https:\/\/nobl.cz\/kancelarsky-nabytek\/wp-content\/uploads\/2017\/04\/7mont\u00df-n\u2020bytku1.jpg-800x600.jpg 800w, https:\/\/nobl.cz\/kancelarsky-nabytek\/wp-content\/uploads\/2017\/04\/7mont\u00df-n\u2020bytku1.jpg-768x576.jpg 768w, https:\/\/nobl.cz\/kancelarsky-nabytek\/wp-content\/uploads\/2017\/04\/7mont\u00df-n\u2020bytku1.jpg-1600x1200.jpg 1600w, https:\/\/nobl.cz\/kancelarsky-nabytek\/wp-content\/uploads\/2017\/04\/7mont\u00df-n\u2020bytku1.jpg.jpg 1632w\" sizes=\"(max-width: 800px) 100vw, 800px\" \/><\/a>\n\t\t\t<\/dt><\/dl><br style=\"clear: both\" \/><dl class='gallery-item'>\n\t\t\t<dt class='gallery-icon landscape'>\n\t\t\t\t<a href='https:\/\/nobl.cz\/kancelarsky-nabytek\/wp-content\/uploads\/2017\/04\/8mont\u2020\u00df-n\u2020bytku2.jpg.jpg'><img loading=\"lazy\" decoding=\"async\" width=\"800\" height=\"600\" src=\"https:\/\/nobl.cz\/kancelarsky-nabytek\/wp-content\/uploads\/2017\/04\/8mont\u2020\u00df-n\u2020bytku2.jpg-800x600.jpg\" class=\"attachment-medium size-medium\" alt=\"\" srcset=\"https:\/\/nobl.cz\/kancelarsky-nabytek\/wp-content\/uploads\/2017\/04\/8mont\u2020\u00df-n\u2020bytku2.jpg-800x600.jpg 800w, https:\/\/nobl.cz\/kancelarsky-nabytek\/wp-content\/uploads\/2017\/04\/8mont\u2020\u00df-n\u2020bytku2.jpg-768x576.jpg 768w, https:\/\/nobl.cz\/kancelarsky-nabytek\/wp-content\/uploads\/2017\/04\/8mont\u2020\u00df-n\u2020bytku2.jpg-1600x1200.jpg 1600w, https:\/\/nobl.cz\/kancelarsky-nabytek\/wp-content\/uploads\/2017\/04\/8mont\u2020\u00df-n\u2020bytku2.jpg.jpg 1632w\" sizes=\"(max-width: 800px) 100vw, 800px\" \/><\/a>\n\t\t\t<\/dt><\/dl><dl class='gallery-item'>\n\t\t\t<dt class='gallery-icon landscape'>\n\t\t\t\t<a href='https:\/\/nobl.cz\/kancelarsky-nabytek\/wp-content\/uploads\/2017\/04\/a-n\u2020vrh1.jpg.jpg'><img loading=\"lazy\" decoding=\"async\" width=\"800\" height=\"463\" src=\"https:\/\/nobl.cz\/kancelarsky-nabytek\/wp-content\/uploads\/2017\/04\/a-n\u2020vrh1.jpg-800x463.jpg\" class=\"attachment-medium size-medium\" alt=\"\" srcset=\"https:\/\/nobl.cz\/kancelarsky-nabytek\/wp-content\/uploads\/2017\/04\/a-n\u2020vrh1.jpg-800x463.jpg 800w, https:\/\/nobl.cz\/kancelarsky-nabytek\/wp-content\/uploads\/2017\/04\/a-n\u2020vrh1.jpg-768x445.jpg 768w, https:\/\/nobl.cz\/kancelarsky-nabytek\/wp-content\/uploads\/2017\/04\/a-n\u2020vrh1.jpg.jpg 1336w\" sizes=\"(max-width: 800px) 100vw, 800px\" \/><\/a>\n\t\t\t<\/dt><\/dl><dl class='gallery-item'>\n\t\t\t<dt class='gallery-icon landscape'>\n\t\t\t\t<a href='https:\/\/nobl.cz\/kancelarsky-nabytek\/wp-content\/uploads\/2017\/04\/a-n\u2020vrh1varianta.jpg.jpg'><img loading=\"lazy\" decoding=\"async\" width=\"800\" height=\"447\" src=\"https:\/\/nobl.cz\/kancelarsky-nabytek\/wp-content\/uploads\/2017\/04\/a-n\u2020vrh1varianta.jpg-800x447.jpg\" class=\"attachment-medium size-medium\" alt=\"\" srcset=\"https:\/\/nobl.cz\/kancelarsky-nabytek\/wp-content\/uploads\/2017\/04\/a-n\u2020vrh1varianta.jpg-800x447.jpg 800w, https:\/\/nobl.cz\/kancelarsky-nabytek\/wp-content\/uploads\/2017\/04\/a-n\u2020vrh1varianta.jpg-768x430.jpg 768w, https:\/\/nobl.cz\/kancelarsky-nabytek\/wp-content\/uploads\/2017\/04\/a-n\u2020vrh1varianta.jpg.jpg 1384w\" sizes=\"(max-width: 800px) 100vw, 800px\" \/><\/a>\n\t\t\t<\/dt><\/dl><br style=\"clear: both\" \/><dl class='gallery-item'>\n\t\t\t<dt class='gallery-icon landscape'>\n\t\t\t\t<a href='https:\/\/nobl.cz\/kancelarsky-nabytek\/wp-content\/uploads\/2017\/04\/a-n\u2020vrh2.jpg.jpg'><img loading=\"lazy\" decoding=\"async\" width=\"800\" height=\"463\" src=\"https:\/\/nobl.cz\/kancelarsky-nabytek\/wp-content\/uploads\/2017\/04\/a-n\u2020vrh2.jpg-800x463.jpg\" class=\"attachment-medium size-medium\" alt=\"\" srcset=\"https:\/\/nobl.cz\/kancelarsky-nabytek\/wp-content\/uploads\/2017\/04\/a-n\u2020vrh2.jpg-800x463.jpg 800w, https:\/\/nobl.cz\/kancelarsky-nabytek\/wp-content\/uploads\/2017\/04\/a-n\u2020vrh2.jpg-768x445.jpg 768w, https:\/\/nobl.cz\/kancelarsky-nabytek\/wp-content\/uploads\/2017\/04\/a-n\u2020vrh2.jpg.jpg 1336w\" sizes=\"(max-width: 800px) 100vw, 800px\" \/><\/a>\n\t\t\t<\/dt><\/dl><dl class='gallery-item'>\n\t\t\t<dt class='gallery-icon landscape'>\n\t\t\t\t<a href='https:\/\/nobl.cz\/kancelarsky-nabytek\/wp-content\/uploads\/2017\/04\/a-N\u2020vrh3.jpg.jpg'><img loading=\"lazy\" decoding=\"async\" width=\"800\" height=\"463\" src=\"https:\/\/nobl.cz\/kancelarsky-nabytek\/wp-content\/uploads\/2017\/04\/a-N\u2020vrh3.jpg-800x463.jpg\" class=\"attachment-medium size-medium\" alt=\"\" srcset=\"https:\/\/nobl.cz\/kancelarsky-nabytek\/wp-content\/uploads\/2017\/04\/a-N\u2020vrh3.jpg-800x463.jpg 800w, https:\/\/nobl.cz\/kancelarsky-nabytek\/wp-content\/uploads\/2017\/04\/a-N\u2020vrh3.jpg-768x445.jpg 768w, https:\/\/nobl.cz\/kancelarsky-nabytek\/wp-content\/uploads\/2017\/04\/a-N\u2020vrh3.jpg.jpg 1336w\" sizes=\"(max-width: 800px) 100vw, 800px\" \/><\/a>\n\t\t\t<\/dt><\/dl><dl class='gallery-item'>\n\t\t\t<dt class='gallery-icon landscape'>\n\t\t\t\t<a href='https:\/\/nobl.cz\/kancelarsky-nabytek\/wp-content\/uploads\/2017\/04\/a-realizace1.jpg.jpg'><img loading=\"lazy\" decoding=\"async\" width=\"800\" height=\"534\" src=\"https:\/\/nobl.cz\/kancelarsky-nabytek\/wp-content\/uploads\/2017\/04\/a-realizace1.jpg-800x534.jpg\" class=\"attachment-medium size-medium\" alt=\"\" srcset=\"https:\/\/nobl.cz\/kancelarsky-nabytek\/wp-content\/uploads\/2017\/04\/a-realizace1.jpg-800x534.jpg 800w, https:\/\/nobl.cz\/kancelarsky-nabytek\/wp-content\/uploads\/2017\/04\/a-realizace1.jpg-768x513.jpg 768w, https:\/\/nobl.cz\/kancelarsky-nabytek\/wp-content\/uploads\/2017\/04\/a-realizace1.jpg-1600x1068.jpg 1600w\" sizes=\"(max-width: 800px) 100vw, 800px\" \/><\/a>\n\t\t\t<\/dt><\/dl><br style=\"clear: both\" \/><dl class='gallery-item'>\n\t\t\t<dt class='gallery-icon landscape'>\n\t\t\t\t<a href='https:\/\/nobl.cz\/kancelarsky-nabytek\/wp-content\/uploads\/2017\/04\/a-realizace2.jpg.jpg'><img loading=\"lazy\" decoding=\"async\" width=\"800\" height=\"534\" src=\"https:\/\/nobl.cz\/kancelarsky-nabytek\/wp-content\/uploads\/2017\/04\/a-realizace2.jpg-800x534.jpg\" class=\"attachment-medium size-medium\" alt=\"\" srcset=\"https:\/\/nobl.cz\/kancelarsky-nabytek\/wp-content\/uploads\/2017\/04\/a-realizace2.jpg-800x534.jpg 800w, https:\/\/nobl.cz\/kancelarsky-nabytek\/wp-content\/uploads\/2017\/04\/a-realizace2.jpg-768x513.jpg 768w, https:\/\/nobl.cz\/kancelarsky-nabytek\/wp-content\/uploads\/2017\/04\/a-realizace2.jpg-1600x1068.jpg 1600w\" sizes=\"(max-width: 800px) 100vw, 800px\" \/><\/a>\n\t\t\t<\/dt><\/dl><dl class='gallery-item'>\n\t\t\t<dt class='gallery-icon landscape'>\n\t\t\t\t<a href='https:\/\/nobl.cz\/kancelarsky-nabytek\/wp-content\/uploads\/2017\/04\/a-realizace3.jpg.jpg'><img loading=\"lazy\" decoding=\"async\" width=\"800\" height=\"537\" src=\"https:\/\/nobl.cz\/kancelarsky-nabytek\/wp-content\/uploads\/2017\/04\/a-realizace3.jpg-800x537.jpg\" class=\"attachment-medium size-medium\" alt=\"\" srcset=\"https:\/\/nobl.cz\/kancelarsky-nabytek\/wp-content\/uploads\/2017\/04\/a-realizace3.jpg-800x537.jpg 800w, https:\/\/nobl.cz\/kancelarsky-nabytek\/wp-content\/uploads\/2017\/04\/a-realizace3.jpg-768x516.jpg 768w, https:\/\/nobl.cz\/kancelarsky-nabytek\/wp-content\/uploads\/2017\/04\/a-realizace3.jpg-1600x1074.jpg 1600w\" sizes=\"(max-width: 800px) 100vw, 800px\" \/><\/a>\n\t\t\t<\/dt><\/dl><dl class='gallery-item'>\n\t\t\t<dt class='gallery-icon landscape'>\n\t\t\t\t<a href='https:\/\/nobl.cz\/kancelarsky-nabytek\/wp-content\/uploads\/2017\/04\/a-realizace4.jpg-2.jpg'><img loading=\"lazy\" decoding=\"async\" width=\"800\" height=\"534\" src=\"https:\/\/nobl.cz\/kancelarsky-nabytek\/wp-content\/uploads\/2017\/04\/a-realizace4.jpg-2-800x534.jpg\" class=\"attachment-medium size-medium\" alt=\"\" srcset=\"https:\/\/nobl.cz\/kancelarsky-nabytek\/wp-content\/uploads\/2017\/04\/a-realizace4.jpg-2-800x534.jpg 800w, https:\/\/nobl.cz\/kancelarsky-nabytek\/wp-content\/uploads\/2017\/04\/a-realizace4.jpg-2-768x513.jpg 768w, https:\/\/nobl.cz\/kancelarsky-nabytek\/wp-content\/uploads\/2017\/04\/a-realizace4.jpg-2-1600x1068.jpg 1600w\" sizes=\"(max-width: 800px) 100vw, 800px\" \/><\/a>\n\t\t\t<\/dt><\/dl><br style=\"clear: both\" \/><dl class='gallery-item'>\n\t\t\t<dt class='gallery-icon portrait'>\n\t\t\t\t<a href='https:\/\/nobl.cz\/kancelarsky-nabytek\/wp-content\/uploads\/2017\/04\/a-realizace5-1.jpg-1.jpg'><img loading=\"lazy\" decoding=\"async\" width=\"600\" height=\"800\" src=\"https:\/\/nobl.cz\/kancelarsky-nabytek\/wp-content\/uploads\/2017\/04\/a-realizace5-1.jpg-1-600x800.jpg\" class=\"attachment-medium size-medium\" alt=\"\" aria-describedby=\"gallery-1-7461\" srcset=\"https:\/\/nobl.cz\/kancelarsky-nabytek\/wp-content\/uploads\/2017\/04\/a-realizace5-1.jpg-1-600x800.jpg 600w, https:\/\/nobl.cz\/kancelarsky-nabytek\/wp-content\/uploads\/2017\/04\/a-realizace5-1.jpg-1.jpg 675w\" sizes=\"(max-width: 600px) 100vw, 600px\" \/><\/a>\n\t\t\t<\/dt>\n\t\t\t\t<dd class='wp-caption-text gallery-caption' id='gallery-1-7461'>\n\t\t\t\tJednac\u00ed st\u016fl s kalen\u00fdm sklem\n\t\t\t\t<\/dd><\/dl><dl class='gallery-item'>\n\t\t\t<dt class='gallery-icon portrait'>\n\t\t\t\t<a href='https:\/\/nobl.cz\/kancelarsky-nabytek\/wp-content\/uploads\/2017\/04\/a-realizace6-1.jpg-1.jpg'><img loading=\"lazy\" decoding=\"async\" width=\"646\" height=\"800\" src=\"https:\/\/nobl.cz\/kancelarsky-nabytek\/wp-content\/uploads\/2017\/04\/a-realizace6-1.jpg-1-646x800.jpg\" class=\"attachment-medium size-medium\" alt=\"\" srcset=\"https:\/\/nobl.cz\/kancelarsky-nabytek\/wp-content\/uploads\/2017\/04\/a-realizace6-1.jpg-1-646x800.jpg 646w, https:\/\/nobl.cz\/kancelarsky-nabytek\/wp-content\/uploads\/2017\/04\/a-realizace6-1.jpg-1.jpg 727w\" sizes=\"(max-width: 646px) 100vw, 646px\" \/><\/a>\n\t\t\t<\/dt><\/dl><dl class='gallery-item'>\n\t\t\t<dt class='gallery-icon portrait'>\n\t\t\t\t<a href='https:\/\/nobl.cz\/kancelarsky-nabytek\/wp-content\/uploads\/2017\/04\/a-realizace7-1.jpg-1.jpg'><img loading=\"lazy\" decoding=\"async\" width=\"534\" height=\"800\" src=\"https:\/\/nobl.cz\/kancelarsky-nabytek\/wp-content\/uploads\/2017\/04\/a-realizace7-1.jpg-1-534x800.jpg\" class=\"attachment-medium size-medium\" alt=\"\" srcset=\"https:\/\/nobl.cz\/kancelarsky-nabytek\/wp-content\/uploads\/2017\/04\/a-realizace7-1.jpg-1-534x800.jpg 534w, https:\/\/nobl.cz\/kancelarsky-nabytek\/wp-content\/uploads\/2017\/04\/a-realizace7-1.jpg-1.jpg 601w\" sizes=\"(max-width: 534px) 100vw, 534px\" \/><\/a>\n\t\t\t<\/dt><\/dl><br style=\"clear: both\" \/>\n\t\t<\/div>\n\n","protected":false},"excerpt":{"rendered":"<p>Firma NO+BL kancel\u00e1\u0159sk\u00fd n\u00e1bytek dostala nab\u00eddku od architekt\u016f Palladio Progetti \u00fa\u010dastnit se vybavov\u00e1n\u00ed kancel\u00e1\u0159sk\u00fdch prostor pro v\u011bt\u0161\u00ed italskou developerskou skupinu. Ta si pronajala atraktivn\u00ed \u010d\u00e1st 3. patra ve velmi slavn\u00e9m objektu &#8222;\u010cKD&#8220;, p\u0159\u00edmo na V\u00e1clavsk\u00e9m n\u00e1m\u011bst\u00ed. Po prvn\u00edch konzultac\u00edch si z\u00e1kazn\u00edk vybral n\u00e1bytkovou \u0159adu NO+BL White Line, ze kter\u00e9 byly vytvo\u0159eny n\u00e1vrhy v\u0161ech prostor. Sklen\u011bn\u00e9 [&hellip;]\n","protected":false},"author":2,"featured_media":7451,"comment_status":"closed","ping_status":"closed","sticky":false,"template":"","format":"standard","meta":{"footnotes":""},"categories":[148],"tags":[],"yoast_head":"<!-- This site is optimized with the Yoast SEO plugin v17.9 - https:\/\/yoast.com\/wordpress\/plugins\/seo\/ -->\n<title>Nov\u00e1 realizace kancel\u00e1\u0159\u00ed na V\u00e1clavsk\u00e9m n\u00e1m\u011bst\u00ed - NO+BL kancel\u00e1\u0159sk\u00fd n\u00e1bytek a kancel\u00e1\u0159sk\u00e9 \u017eidle Praha<\/title>\n<meta name=\"robots\" content=\"index, follow, max-snippet:-1, max-image-preview:large, max-video-preview:-1\" \/>\n<link rel=\"canonical\" href=\"https:\/\/nobl.cz\/kancelarsky-nabytek\/luxusni-kancelare-vaclavskem-namesti\/\" \/>\n<meta property=\"og:locale\" content=\"cs_CZ\" \/>\n<meta property=\"og:type\" content=\"article\" \/>\n<meta property=\"og:title\" content=\"Nov\u00e1 realizace kancel\u00e1\u0159\u00ed na V\u00e1clavsk\u00e9m n\u00e1m\u011bst\u00ed - NO+BL kancel\u00e1\u0159sk\u00fd n\u00e1bytek a kancel\u00e1\u0159sk\u00e9 \u017eidle Praha\" \/>\n<meta property=\"og:description\" content=\"Firma NO+BL kancel\u00e1\u0159sk\u00fd n\u00e1bytek dostala nab\u00eddku od architekt\u016f Palladio Progetti \u00fa\u010dastnit se vybavov\u00e1n\u00ed kancel\u00e1\u0159sk\u00fdch prostor pro v\u011bt\u0161\u00ed italskou developerskou skupinu. Ta si pronajala atraktivn\u00ed \u010d\u00e1st 3. patra ve velmi slavn\u00e9m objektu &#8222;\u010cKD&#8220;, p\u0159\u00edmo na V\u00e1clavsk\u00e9m n\u00e1m\u011bst\u00ed. Po prvn\u00edch konzultac\u00edch si z\u00e1kazn\u00edk vybral n\u00e1bytkovou \u0159adu NO+BL White Line, ze kter\u00e9 byly vytvo\u0159eny n\u00e1vrhy v\u0161ech prostor. Sklen\u011bn\u00e9 [&hellip;]\" \/>\n<meta property=\"og:url\" content=\"https:\/\/nobl.cz\/kancelarsky-nabytek\/luxusni-kancelare-vaclavskem-namesti\/\" \/>\n<meta property=\"og:site_name\" content=\"NO+BL kancel\u00e1\u0159sk\u00fd n\u00e1bytek a kancel\u00e1\u0159sk\u00e9 \u017eidle Praha\" \/>\n<meta property=\"article:published_time\" content=\"2017-04-11T08:35:04+00:00\" \/>\n<meta property=\"article:modified_time\" content=\"2017-04-21T07:48:24+00:00\" \/>\n<meta property=\"og:image\" content=\"https:\/\/nobl.cz\/kancelarsky-nabytek\/wp-content\/uploads\/2017\/04\/titulky.jpg\" \/>\n\t<meta property=\"og:image:width\" content=\"1602\" \/>\n\t<meta property=\"og:image:height\" content=\"1982\" \/>\n\t<meta property=\"og:image:type\" content=\"image\/jpeg\" \/>\n<meta name=\"twitter:card\" content=\"summary\" \/>\n<meta name=\"twitter:label1\" content=\"Napsal(a)\" \/>\n\t<meta name=\"twitter:data1\" content=\"Michal\" \/>\n\t<meta name=\"twitter:label2\" content=\"Odhadovan\u00e1 doba \u010dten\u00ed\" \/>\n\t<meta name=\"twitter:data2\" content=\"1 minuta\" \/>\n<script type=\"application\/ld+json\" class=\"yoast-schema-graph\">{\"@context\":\"https:\/\/schema.org\",\"@graph\":[{\"@type\":\"WebSite\",\"@id\":\"https:\/\/nobl.cz\/kancelarsky-nabytek\/#website\",\"url\":\"https:\/\/nobl.cz\/kancelarsky-nabytek\/\",\"name\":\"NO+BL kancel\\u00e1\\u0159sk\\u00fd n\\u00e1bytek a kancel\\u00e1\\u0159sk\\u00e9 \\u017eidle Praha\",\"description\":\"V\\u00e1\\u0161 prodejce kancel\\u00e1\\u0159sk\\u00e9ho n\\u00e1bytku a kancel\\u00e1\\u0159sk\\u00fdch k\\u0159esel v Praze s tradic\\u00ed ji\\u017e v\\u00edce jak 33 let. Nab\\u00edz\\u00edme tak\\u00e9 opravy kancel\\u00e1\\u0159sk\\u00fdch \\u017eidl\\u00ed.\",\"potentialAction\":[{\"@type\":\"SearchAction\",\"target\":{\"@type\":\"EntryPoint\",\"urlTemplate\":\"https:\/\/nobl.cz\/kancelarsky-nabytek\/?s={search_term_string}\"},\"query-input\":\"required name=search_term_string\"}],\"inLanguage\":\"cs\"},{\"@type\":\"ImageObject\",\"@id\":\"https:\/\/nobl.cz\/kancelarsky-nabytek\/luxusni-kancelare-vaclavskem-namesti\/#primaryimage\",\"inLanguage\":\"cs\",\"url\":\"https:\/\/nobl.cz\/kancelarsky-nabytek\/wp-content\/uploads\/2017\/04\/titulky.jpg\",\"contentUrl\":\"https:\/\/nobl.cz\/kancelarsky-nabytek\/wp-content\/uploads\/2017\/04\/titulky.jpg\",\"width\":\"1602\",\"height\":\"1982\"},{\"@type\":\"WebPage\",\"@id\":\"https:\/\/nobl.cz\/kancelarsky-nabytek\/luxusni-kancelare-vaclavskem-namesti\/#webpage\",\"url\":\"https:\/\/nobl.cz\/kancelarsky-nabytek\/luxusni-kancelare-vaclavskem-namesti\/\",\"name\":\"Nov\\u00e1 realizace kancel\\u00e1\\u0159\\u00ed na V\\u00e1clavsk\\u00e9m n\\u00e1m\\u011bst\\u00ed - NO+BL kancel\\u00e1\\u0159sk\\u00fd n\\u00e1bytek a kancel\\u00e1\\u0159sk\\u00e9 \\u017eidle Praha\",\"isPartOf\":{\"@id\":\"https:\/\/nobl.cz\/kancelarsky-nabytek\/#website\"},\"primaryImageOfPage\":{\"@id\":\"https:\/\/nobl.cz\/kancelarsky-nabytek\/luxusni-kancelare-vaclavskem-namesti\/#primaryimage\"},\"datePublished\":\"2017-04-11T08:35:04+00:00\",\"dateModified\":\"2017-04-21T07:48:24+00:00\",\"author\":{\"@id\":\"https:\/\/nobl.cz\/kancelarsky-nabytek\/#\/schema\/person\/f8c868bc80c683aef8e39abb65db150c\"},\"breadcrumb\":{\"@id\":\"https:\/\/nobl.cz\/kancelarsky-nabytek\/luxusni-kancelare-vaclavskem-namesti\/#breadcrumb\"},\"inLanguage\":\"cs\",\"potentialAction\":[{\"@type\":\"ReadAction\",\"target\":[\"https:\/\/nobl.cz\/kancelarsky-nabytek\/luxusni-kancelare-vaclavskem-namesti\/\"]}]},{\"@type\":\"BreadcrumbList\",\"@id\":\"https:\/\/nobl.cz\/kancelarsky-nabytek\/luxusni-kancelare-vaclavskem-namesti\/#breadcrumb\",\"itemListElement\":[{\"@type\":\"ListItem\",\"position\":1,\"name\":\"Dom\\u016f\",\"item\":\"https:\/\/nobl.cz\/kancelarsky-nabytek\/\"},{\"@type\":\"ListItem\",\"position\":2,\"name\":\"Nov\\u00e1 realizace kancel\\u00e1\\u0159\\u00ed na V\\u00e1clavsk\\u00e9m n\\u00e1m\\u011bst\\u00ed\"}]},{\"@type\":\"Person\",\"@id\":\"https:\/\/nobl.cz\/kancelarsky-nabytek\/#\/schema\/person\/f8c868bc80c683aef8e39abb65db150c\",\"name\":\"Michal\",\"image\":{\"@type\":\"ImageObject\",\"@id\":\"https:\/\/nobl.cz\/kancelarsky-nabytek\/#personlogo\",\"inLanguage\":\"cs\",\"url\":\"https:\/\/secure.gravatar.com\/avatar\/455259c7f450215ed2848d8d80f5ea58?s=96&d=mm&r=g\",\"contentUrl\":\"https:\/\/secure.gravatar.com\/avatar\/455259c7f450215ed2848d8d80f5ea58?s=96&d=mm&r=g\",\"caption\":\"Michal\"},\"url\":\"https:\/\/nobl.cz\/kancelarsky-nabytek\/author\/mjedon\/\"}]}<\/script>\n<!-- \/ Yoast SEO plugin. -->","yoast_head_json":{"title":"Nov\u00e1 realizace kancel\u00e1\u0159\u00ed na V\u00e1clavsk\u00e9m n\u00e1m\u011bst\u00ed - NO+BL kancel\u00e1\u0159sk\u00fd n\u00e1bytek a kancel\u00e1\u0159sk\u00e9 \u017eidle Praha","robots":{"index":"index","follow":"follow","max-snippet":"max-snippet:-1","max-image-preview":"max-image-preview:large","max-video-preview":"max-video-preview:-1"},"canonical":"https:\/\/nobl.cz\/kancelarsky-nabytek\/luxusni-kancelare-vaclavskem-namesti\/","og_locale":"cs_CZ","og_type":"article","og_title":"Nov\u00e1 realizace kancel\u00e1\u0159\u00ed na V\u00e1clavsk\u00e9m n\u00e1m\u011bst\u00ed - NO+BL kancel\u00e1\u0159sk\u00fd n\u00e1bytek a kancel\u00e1\u0159sk\u00e9 \u017eidle Praha","og_description":"Firma NO+BL kancel\u00e1\u0159sk\u00fd n\u00e1bytek dostala nab\u00eddku od architekt\u016f Palladio Progetti \u00fa\u010dastnit se vybavov\u00e1n\u00ed kancel\u00e1\u0159sk\u00fdch prostor pro v\u011bt\u0161\u00ed italskou developerskou skupinu. Ta si pronajala atraktivn\u00ed \u010d\u00e1st 3. patra ve velmi slavn\u00e9m objektu &#8222;\u010cKD&#8220;, p\u0159\u00edmo na V\u00e1clavsk\u00e9m n\u00e1m\u011bst\u00ed. Po prvn\u00edch konzultac\u00edch si z\u00e1kazn\u00edk vybral n\u00e1bytkovou \u0159adu NO+BL White Line, ze kter\u00e9 byly vytvo\u0159eny n\u00e1vrhy v\u0161ech prostor. Sklen\u011bn\u00e9 [&hellip;]","og_url":"https:\/\/nobl.cz\/kancelarsky-nabytek\/luxusni-kancelare-vaclavskem-namesti\/","og_site_name":"NO+BL kancel\u00e1\u0159sk\u00fd n\u00e1bytek a kancel\u00e1\u0159sk\u00e9 \u017eidle Praha","article_published_time":"2017-04-11T08:35:04+00:00","article_modified_time":"2017-04-21T07:48:24+00:00","og_image":[{"width":"1602","height":"1982","url":"https:\/\/nobl.cz\/kancelarsky-nabytek\/wp-content\/uploads\/2017\/04\/titulky.jpg","type":"image\/jpeg"}],"twitter_card":"summary","twitter_misc":{"Napsal(a)":"Michal","Odhadovan\u00e1 doba \u010dten\u00ed":"1 minuta"},"schema":{"@context":"https:\/\/schema.org","@graph":[{"@type":"WebSite","@id":"https:\/\/nobl.cz\/kancelarsky-nabytek\/#website","url":"https:\/\/nobl.cz\/kancelarsky-nabytek\/","name":"NO+BL kancel\u00e1\u0159sk\u00fd n\u00e1bytek a kancel\u00e1\u0159sk\u00e9 \u017eidle Praha","description":"V\u00e1\u0161 prodejce kancel\u00e1\u0159sk\u00e9ho n\u00e1bytku a kancel\u00e1\u0159sk\u00fdch k\u0159esel v Praze s tradic\u00ed ji\u017e v\u00edce jak 33 let. Nab\u00edz\u00edme tak\u00e9 opravy kancel\u00e1\u0159sk\u00fdch \u017eidl\u00ed.","potentialAction":[{"@type":"SearchAction","target":{"@type":"EntryPoint","urlTemplate":"https:\/\/nobl.cz\/kancelarsky-nabytek\/?s={search_term_string}"},"query-input":"required name=search_term_string"}],"inLanguage":"cs"},{"@type":"ImageObject","@id":"https:\/\/nobl.cz\/kancelarsky-nabytek\/luxusni-kancelare-vaclavskem-namesti\/#primaryimage","inLanguage":"cs","url":"https:\/\/nobl.cz\/kancelarsky-nabytek\/wp-content\/uploads\/2017\/04\/titulky.jpg","contentUrl":"https:\/\/nobl.cz\/kancelarsky-nabytek\/wp-content\/uploads\/2017\/04\/titulky.jpg","width":"1602","height":"1982"},{"@type":"WebPage","@id":"https:\/\/nobl.cz\/kancelarsky-nabytek\/luxusni-kancelare-vaclavskem-namesti\/#webpage","url":"https:\/\/nobl.cz\/kancelarsky-nabytek\/luxusni-kancelare-vaclavskem-namesti\/","name":"Nov\u00e1 realizace kancel\u00e1\u0159\u00ed na V\u00e1clavsk\u00e9m n\u00e1m\u011bst\u00ed - NO+BL kancel\u00e1\u0159sk\u00fd n\u00e1bytek a kancel\u00e1\u0159sk\u00e9 \u017eidle Praha","isPartOf":{"@id":"https:\/\/nobl.cz\/kancelarsky-nabytek\/#website"},"primaryImageOfPage":{"@id":"https:\/\/nobl.cz\/kancelarsky-nabytek\/luxusni-kancelare-vaclavskem-namesti\/#primaryimage"},"datePublished":"2017-04-11T08:35:04+00:00","dateModified":"2017-04-21T07:48:24+00:00","author":{"@id":"https:\/\/nobl.cz\/kancelarsky-nabytek\/#\/schema\/person\/f8c868bc80c683aef8e39abb65db150c"},"breadcrumb":{"@id":"https:\/\/nobl.cz\/kancelarsky-nabytek\/luxusni-kancelare-vaclavskem-namesti\/#breadcrumb"},"inLanguage":"cs","potentialAction":[{"@type":"ReadAction","target":["https:\/\/nobl.cz\/kancelarsky-nabytek\/luxusni-kancelare-vaclavskem-namesti\/"]}]},{"@type":"BreadcrumbList","@id":"https:\/\/nobl.cz\/kancelarsky-nabytek\/luxusni-kancelare-vaclavskem-namesti\/#breadcrumb","itemListElement":[{"@type":"ListItem","position":1,"name":"Dom\u016f","item":"https:\/\/nobl.cz\/kancelarsky-nabytek\/"},{"@type":"ListItem","position":2,"name":"Nov\u00e1 realizace kancel\u00e1\u0159\u00ed na V\u00e1clavsk\u00e9m n\u00e1m\u011bst\u00ed"}]},{"@type":"Person","@id":"https:\/\/nobl.cz\/kancelarsky-nabytek\/#\/schema\/person\/f8c868bc80c683aef8e39abb65db150c","name":"Michal","image":{"@type":"ImageObject","@id":"https:\/\/nobl.cz\/kancelarsky-nabytek\/#personlogo","inLanguage":"cs","url":"https:\/\/secure.gravatar.com\/avatar\/455259c7f450215ed2848d8d80f5ea58?s=96&d=mm&r=g","contentUrl":"https:\/\/secure.gravatar.com\/avatar\/455259c7f450215ed2848d8d80f5ea58?s=96&d=mm&r=g","caption":"Michal"},"url":"https:\/\/nobl.cz\/kancelarsky-nabytek\/author\/mjedon\/"}]}},"_links":{"self":[{"href":"https:\/\/nobl.cz\/kancelarsky-nabytek\/wp-json\/wp\/v2\/posts\/7443"}],"collection":[{"href":"https:\/\/nobl.cz\/kancelarsky-nabytek\/wp-json\/wp\/v2\/posts"}],"about":[{"href":"https:\/\/nobl.cz\/kancelarsky-nabytek\/wp-json\/wp\/v2\/types\/post"}],"author":[{"embeddable":true,"href":"https:\/\/nobl.cz\/kancelarsky-nabytek\/wp-json\/wp\/v2\/users\/2"}],"replies":[{"embeddable":true,"href":"https:\/\/nobl.cz\/kancelarsky-nabytek\/wp-json\/wp\/v2\/comments?post=7443"}],"version-history":[{"count":11,"href":"https:\/\/nobl.cz\/kancelarsky-nabytek\/wp-json\/wp\/v2\/posts\/7443\/revisions"}],"predecessor-version":[{"id":7464,"href":"https:\/\/nobl.cz\/kancelarsky-nabytek\/wp-json\/wp\/v2\/posts\/7443\/revisions\/7464"}],"wp:featuredmedia":[{"embeddable":true,"href":"https:\/\/nobl.cz\/kancelarsky-nabytek\/wp-json\/wp\/v2\/media\/7451"}],"wp:attachment":[{"href":"https:\/\/nobl.cz\/kancelarsky-nabytek\/wp-json\/wp\/v2\/media?parent=7443"}],"wp:term":[{"taxonomy":"category","embeddable":true,"href":"https:\/\/nobl.cz\/kancelarsky-nabytek\/wp-json\/wp\/v2\/categories?post=7443"},{"taxonomy":"post_tag","embeddable":true,"href":"https:\/\/nobl.cz\/kancelarsky-nabytek\/wp-json\/wp\/v2\/tags?post=7443"}],"curies":[{"name":"wp","href":"https:\/\/api.w.org\/{rel}","templated":true}]}}