{"id":7533,"date":"2017-09-19T20:36:28","date_gmt":"2017-09-19T19:36:28","guid":{"rendered":"http:\/\/nobl.cz\/kancelarsky-nabytek\/?p=7533"},"modified":"2017-09-20T09:14:17","modified_gmt":"2017-09-20T08:14:17","slug":"nova-realizace-nobl-prave-predal-vybavene-kancelare-uspesne-firme-oboru-it","status":"publish","type":"post","link":"https:\/\/nobl.cz\/kancelarsky-nabytek\/nova-realizace-nobl-prave-predal-vybavene-kancelare-uspesne-firme-oboru-it\/","title":{"rendered":"Nov\u00e1 realizace: Komplet vybaven\u00e9 kancel\u00e1\u0159e pro renomovanou IT firmu"},"content":{"rendered":"<p style=\"text-align: justify;\">NO+BL pr\u00e1v\u011b p\u0159edal vybaven\u00e9 kancel\u00e1\u0159e \u00fasp\u011b\u0161n\u00e9 firm\u011b z oboru IT. Cel\u00fd projekt interi\u00e9ru navrhovali zku\u0161en\u00ed projektanti atelieru <a href=\"http:\/\/www.architekticca.cz\/\">Architekti CCA<\/a>. T\u011bm se poda\u0159ilo vytvo\u0159it p\u0159\u00edjemn\u00e9 pracovn\u00ed prost\u0159ed\u00ed kombinac\u00ed d\u0159ev\u011bn\u00e9ho dez\u00e9nu na n\u00e1bytku i dve\u0159\u00edch a \u010dast\u00fdm st\u0159\u00edd\u00e1n\u00edm povrch\u016f podlah. N\u00e1bytkov\u00e1 \u0159ada NO+BL MULTILINE umo\u017e\u0148uje dod\u00e1vku jednotliv\u00fdch stol\u016f i kombinaci stolov\u00fdch hn\u00edzd. N\u00e1padit\u00e1 a levn\u00e1 konstrukce odsouv\u00e1n\u00ed pracovn\u00edch desek dovoluje p\u0159\u00edstup ke kabelov\u00e9mu kan\u00e1lu u v\u0161ech stol\u016f.<\/p>\n<p style=\"text-align: justify;\">Podrobn\u00e9 informace V\u00e1m pod\u00e1me na tel. 603 440 471<\/p>\n<p style=\"text-align: justify;\">P\u0159edem d\u011bkujeme za Va\u0161e dotazy<\/p>\n\n\t\t<style type=\"text\/css\">\n\t\t\t#gallery-1 {\n\t\t\t\tmargin: auto;\n\t\t\t}\n\t\t\t#gallery-1 .gallery-item {\n\t\t\t\tfloat: left;\n\t\t\t\tmargin-top: 10px;\n\t\t\t\ttext-align: center;\n\t\t\t\twidth: 25%;\n\t\t\t}\n\t\t\t#gallery-1 img {\n\t\t\t\tborder: 2px solid #cfcfcf;\n\t\t\t}\n\t\t\t#gallery-1 .gallery-caption {\n\t\t\t\tmargin-left: 0;\n\t\t\t}\n\t\t\t\/* see gallery_shortcode() in wp-includes\/media.php *\/\n\t\t<\/style>\n\t\t<div id='gallery-1' class='gallery galleryid-7533 gallery-columns-4 gallery-size-thumbnail'><dl class='gallery-item'>\n\t\t\t<dt class='gallery-icon landscape'>\n\t\t\t\t<a href='https:\/\/nobl.cz\/kancelarsky-nabytek\/wp-content\/uploads\/2017\/09\/DSC_4647.jpg'><img loading=\"lazy\" decoding=\"async\" width=\"340\" height=\"340\" src=\"https:\/\/nobl.cz\/kancelarsky-nabytek\/wp-content\/uploads\/2017\/09\/DSC_4647-340x340.jpg\" class=\"attachment-thumbnail size-thumbnail\" alt=\"\" \/><\/a>\n\t\t\t<\/dt><\/dl><dl class='gallery-item'>\n\t\t\t<dt class='gallery-icon landscape'>\n\t\t\t\t<a href='https:\/\/nobl.cz\/kancelarsky-nabytek\/wp-content\/uploads\/2017\/09\/DSC_4653-b.jpg'><img loading=\"lazy\" decoding=\"async\" width=\"340\" height=\"225\" src=\"https:\/\/nobl.cz\/kancelarsky-nabytek\/wp-content\/uploads\/2017\/09\/DSC_4653-b.jpg\" class=\"attachment-thumbnail size-thumbnail\" alt=\"\" srcset=\"https:\/\/nobl.cz\/kancelarsky-nabytek\/wp-content\/uploads\/2017\/09\/DSC_4653-b.jpg 1500w, https:\/\/nobl.cz\/kancelarsky-nabytek\/wp-content\/uploads\/2017\/09\/DSC_4653-b-510x338.jpg 510w\" sizes=\"(max-width: 340px) 100vw, 340px\" \/><\/a>\n\t\t\t<\/dt><\/dl><dl class='gallery-item'>\n\t\t\t<dt class='gallery-icon landscape'>\n\t\t\t\t<a href='https:\/\/nobl.cz\/kancelarsky-nabytek\/wp-content\/uploads\/2017\/09\/DSC_4657.jpg'><img loading=\"lazy\" decoding=\"async\" width=\"340\" height=\"225\" src=\"https:\/\/nobl.cz\/kancelarsky-nabytek\/wp-content\/uploads\/2017\/09\/DSC_4657.jpg\" class=\"attachment-thumbnail size-thumbnail\" alt=\"\" srcset=\"https:\/\/nobl.cz\/kancelarsky-nabytek\/wp-content\/uploads\/2017\/09\/DSC_4657.jpg 1500w, https:\/\/nobl.cz\/kancelarsky-nabytek\/wp-content\/uploads\/2017\/09\/DSC_4657-510x338.jpg 510w\" sizes=\"(max-width: 340px) 100vw, 340px\" \/><\/a>\n\t\t\t<\/dt><\/dl><dl class='gallery-item'>\n\t\t\t<dt class='gallery-icon landscape'>\n\t\t\t\t<a href='https:\/\/nobl.cz\/kancelarsky-nabytek\/wp-content\/uploads\/2017\/09\/DSC_4660-b.jpg'><img loading=\"lazy\" decoding=\"async\" width=\"340\" height=\"225\" src=\"https:\/\/nobl.cz\/kancelarsky-nabytek\/wp-content\/uploads\/2017\/09\/DSC_4660-b.jpg\" class=\"attachment-thumbnail size-thumbnail\" alt=\"\" aria-describedby=\"gallery-1-7537\" srcset=\"https:\/\/nobl.cz\/kancelarsky-nabytek\/wp-content\/uploads\/2017\/09\/DSC_4660-b.jpg 1500w, https:\/\/nobl.cz\/kancelarsky-nabytek\/wp-content\/uploads\/2017\/09\/DSC_4660-b-510x338.jpg 510w\" sizes=\"(max-width: 340px) 100vw, 340px\" \/><\/a>\n\t\t\t<\/dt>\n\t\t\t\t<dd class='wp-caption-text gallery-caption' id='gallery-1-7537'>\n\t\t\t\tDenn\u00ed m\u00edstnost a relaxzone\n\t\t\t\t<\/dd><\/dl><br style=\"clear: both\" \/><dl class='gallery-item'>\n\t\t\t<dt class='gallery-icon landscape'>\n\t\t\t\t<a href='https:\/\/nobl.cz\/kancelarsky-nabytek\/wp-content\/uploads\/2017\/09\/DSC_4705.jpg'><img loading=\"lazy\" decoding=\"async\" width=\"340\" height=\"225\" src=\"https:\/\/nobl.cz\/kancelarsky-nabytek\/wp-content\/uploads\/2017\/09\/DSC_4705.jpg\" class=\"attachment-thumbnail size-thumbnail\" alt=\"\" srcset=\"https:\/\/nobl.cz\/kancelarsky-nabytek\/wp-content\/uploads\/2017\/09\/DSC_4705.jpg 1500w, https:\/\/nobl.cz\/kancelarsky-nabytek\/wp-content\/uploads\/2017\/09\/DSC_4705-510x338.jpg 510w\" sizes=\"(max-width: 340px) 100vw, 340px\" \/><\/a>\n\t\t\t<\/dt><\/dl><dl class='gallery-item'>\n\t\t\t<dt class='gallery-icon landscape'>\n\t\t\t\t<a href='https:\/\/nobl.cz\/kancelarsky-nabytek\/wp-content\/uploads\/2017\/09\/DSC_4709.jpg'><img loading=\"lazy\" decoding=\"async\" width=\"340\" height=\"227\" src=\"https:\/\/nobl.cz\/kancelarsky-nabytek\/wp-content\/uploads\/2017\/09\/DSC_4709.jpg\" class=\"attachment-thumbnail size-thumbnail\" alt=\"\" srcset=\"https:\/\/nobl.cz\/kancelarsky-nabytek\/wp-content\/uploads\/2017\/09\/DSC_4709.jpg 1500w, https:\/\/nobl.cz\/kancelarsky-nabytek\/wp-content\/uploads\/2017\/09\/DSC_4709-510x340.jpg 510w\" sizes=\"(max-width: 340px) 100vw, 340px\" \/><\/a>\n\t\t\t<\/dt><\/dl><dl class='gallery-item'>\n\t\t\t<dt class='gallery-icon landscape'>\n\t\t\t\t<a href='https:\/\/nobl.cz\/kancelarsky-nabytek\/wp-content\/uploads\/2017\/09\/DSC_4711.jpg'><img loading=\"lazy\" decoding=\"async\" width=\"340\" height=\"227\" src=\"https:\/\/nobl.cz\/kancelarsky-nabytek\/wp-content\/uploads\/2017\/09\/DSC_4711.jpg\" class=\"attachment-thumbnail size-thumbnail\" alt=\"\" srcset=\"https:\/\/nobl.cz\/kancelarsky-nabytek\/wp-content\/uploads\/2017\/09\/DSC_4711.jpg 1500w, https:\/\/nobl.cz\/kancelarsky-nabytek\/wp-content\/uploads\/2017\/09\/DSC_4711-510x340.jpg 510w\" sizes=\"(max-width: 340px) 100vw, 340px\" \/><\/a>\n\t\t\t<\/dt><\/dl><dl class='gallery-item'>\n\t\t\t<dt class='gallery-icon landscape'>\n\t\t\t\t<a href='https:\/\/nobl.cz\/kancelarsky-nabytek\/wp-content\/uploads\/2017\/09\/DSC_4731.jpg'><img loading=\"lazy\" decoding=\"async\" width=\"340\" height=\"225\" src=\"https:\/\/nobl.cz\/kancelarsky-nabytek\/wp-content\/uploads\/2017\/09\/DSC_4731.jpg\" class=\"attachment-thumbnail size-thumbnail\" alt=\"\" srcset=\"https:\/\/nobl.cz\/kancelarsky-nabytek\/wp-content\/uploads\/2017\/09\/DSC_4731.jpg 1500w, https:\/\/nobl.cz\/kancelarsky-nabytek\/wp-content\/uploads\/2017\/09\/DSC_4731-510x338.jpg 510w\" sizes=\"(max-width: 340px) 100vw, 340px\" \/><\/a>\n\t\t\t<\/dt><\/dl><br style=\"clear: both\" \/><dl class='gallery-item'>\n\t\t\t<dt class='gallery-icon landscape'>\n\t\t\t\t<a href='https:\/\/nobl.cz\/kancelarsky-nabytek\/wp-content\/uploads\/2017\/09\/DSC_4746.jpg'><img loading=\"lazy\" decoding=\"async\" width=\"340\" height=\"225\" src=\"https:\/\/nobl.cz\/kancelarsky-nabytek\/wp-content\/uploads\/2017\/09\/DSC_4746.jpg\" class=\"attachment-thumbnail size-thumbnail\" alt=\"\" srcset=\"https:\/\/nobl.cz\/kancelarsky-nabytek\/wp-content\/uploads\/2017\/09\/DSC_4746.jpg 1500w, https:\/\/nobl.cz\/kancelarsky-nabytek\/wp-content\/uploads\/2017\/09\/DSC_4746-510x338.jpg 510w\" sizes=\"(max-width: 340px) 100vw, 340px\" \/><\/a>\n\t\t\t<\/dt><\/dl><dl class='gallery-item'>\n\t\t\t<dt class='gallery-icon landscape'>\n\t\t\t\t<a href='https:\/\/nobl.cz\/kancelarsky-nabytek\/wp-content\/uploads\/2017\/09\/DSC07687.jpg'><img loading=\"lazy\" decoding=\"async\" width=\"340\" height=\"227\" src=\"https:\/\/nobl.cz\/kancelarsky-nabytek\/wp-content\/uploads\/2017\/09\/DSC07687.jpg\" class=\"attachment-thumbnail size-thumbnail\" alt=\"\" srcset=\"https:\/\/nobl.cz\/kancelarsky-nabytek\/wp-content\/uploads\/2017\/09\/DSC07687.jpg 2000w, https:\/\/nobl.cz\/kancelarsky-nabytek\/wp-content\/uploads\/2017\/09\/DSC07687-510x340.jpg 510w\" sizes=\"(max-width: 340px) 100vw, 340px\" \/><\/a>\n\t\t\t<\/dt><\/dl><dl class='gallery-item'>\n\t\t\t<dt class='gallery-icon landscape'>\n\t\t\t\t<a href='https:\/\/nobl.cz\/kancelarsky-nabytek\/wp-content\/uploads\/2017\/09\/DSC07723.jpg'><img loading=\"lazy\" decoding=\"async\" width=\"340\" height=\"227\" src=\"https:\/\/nobl.cz\/kancelarsky-nabytek\/wp-content\/uploads\/2017\/09\/DSC07723.jpg\" class=\"attachment-thumbnail size-thumbnail\" alt=\"\" srcset=\"https:\/\/nobl.cz\/kancelarsky-nabytek\/wp-content\/uploads\/2017\/09\/DSC07723.jpg 2000w, https:\/\/nobl.cz\/kancelarsky-nabytek\/wp-content\/uploads\/2017\/09\/DSC07723-510x340.jpg 510w\" sizes=\"(max-width: 340px) 100vw, 340px\" \/><\/a>\n\t\t\t<\/dt><\/dl><dl class='gallery-item'>\n\t\t\t<dt class='gallery-icon portrait'>\n\t\t\t\t<a href='https:\/\/nobl.cz\/kancelarsky-nabytek\/wp-content\/uploads\/2017\/09\/IMG_5050-e1505895175381.jpg'><img loading=\"lazy\" decoding=\"async\" width=\"255\" height=\"340\" src=\"https:\/\/nobl.cz\/kancelarsky-nabytek\/wp-content\/uploads\/2017\/09\/IMG_5050-e1505895175381.jpg\" class=\"attachment-thumbnail size-thumbnail\" alt=\"\" srcset=\"https:\/\/nobl.cz\/kancelarsky-nabytek\/wp-content\/uploads\/2017\/09\/IMG_5050-e1505895175381.jpg 1224w, https:\/\/nobl.cz\/kancelarsky-nabytek\/wp-content\/uploads\/2017\/09\/IMG_5050-e1505895175381-510x680.jpg 510w\" sizes=\"(max-width: 255px) 100vw, 255px\" \/><\/a>\n\t\t\t<\/dt><\/dl><br style=\"clear: both\" \/>\n\t\t<\/div>\n\n","protected":false},"excerpt":{"rendered":"<p>NO+BL pr\u00e1v\u011b p\u0159edal vybaven\u00e9 kancel\u00e1\u0159e \u00fasp\u011b\u0161n\u00e9 firm\u011b z oboru IT. Cel\u00fd projekt interi\u00e9ru navrhovali zku\u0161en\u00ed projektanti atelieru Architekti CCA. T\u011bm se poda\u0159ilo vytvo\u0159it p\u0159\u00edjemn\u00e9 pracovn\u00ed prost\u0159ed\u00ed kombinac\u00ed d\u0159ev\u011bn\u00e9ho dez\u00e9nu na n\u00e1bytku i dve\u0159\u00edch a \u010dast\u00fdm st\u0159\u00edd\u00e1n\u00edm povrch\u016f podlah. N\u00e1bytkov\u00e1 \u0159ada NO+BL MULTILINE umo\u017e\u0148uje dod\u00e1vku jednotliv\u00fdch stol\u016f i kombinaci stolov\u00fdch hn\u00edzd. N\u00e1padit\u00e1 a levn\u00e1 konstrukce odsouv\u00e1n\u00ed [&hellip;]\n","protected":false},"author":2,"featured_media":7550,"comment_status":"closed","ping_status":"closed","sticky":false,"template":"","format":"standard","meta":{"footnotes":""},"categories":[148],"tags":[],"yoast_head":"<!-- This site is optimized with the Yoast SEO plugin v17.9 - https:\/\/yoast.com\/wordpress\/plugins\/seo\/ -->\n<title>Nov\u00e1 realizace: Komplet vybaven\u00e9 kancel\u00e1\u0159e pro renomovanou IT firmu - NO+BL kancel\u00e1\u0159sk\u00fd n\u00e1bytek a kancel\u00e1\u0159sk\u00e9 \u017eidle Praha<\/title>\n<meta name=\"robots\" content=\"index, follow, max-snippet:-1, max-image-preview:large, max-video-preview:-1\" \/>\n<link rel=\"canonical\" href=\"https:\/\/nobl.cz\/kancelarsky-nabytek\/nova-realizace-nobl-prave-predal-vybavene-kancelare-uspesne-firme-oboru-it\/\" \/>\n<meta property=\"og:locale\" content=\"cs_CZ\" \/>\n<meta property=\"og:type\" content=\"article\" \/>\n<meta property=\"og:title\" content=\"Nov\u00e1 realizace: Komplet vybaven\u00e9 kancel\u00e1\u0159e pro renomovanou IT firmu - NO+BL kancel\u00e1\u0159sk\u00fd n\u00e1bytek a kancel\u00e1\u0159sk\u00e9 \u017eidle Praha\" \/>\n<meta property=\"og:description\" content=\"NO+BL pr\u00e1v\u011b p\u0159edal vybaven\u00e9 kancel\u00e1\u0159e \u00fasp\u011b\u0161n\u00e9 firm\u011b z oboru IT. Cel\u00fd projekt interi\u00e9ru navrhovali zku\u0161en\u00ed projektanti atelieru Architekti CCA. T\u011bm se poda\u0159ilo vytvo\u0159it p\u0159\u00edjemn\u00e9 pracovn\u00ed prost\u0159ed\u00ed kombinac\u00ed d\u0159ev\u011bn\u00e9ho dez\u00e9nu na n\u00e1bytku i dve\u0159\u00edch a \u010dast\u00fdm st\u0159\u00edd\u00e1n\u00edm povrch\u016f podlah. N\u00e1bytkov\u00e1 \u0159ada NO+BL MULTILINE umo\u017e\u0148uje dod\u00e1vku jednotliv\u00fdch stol\u016f i kombinaci stolov\u00fdch hn\u00edzd. N\u00e1padit\u00e1 a levn\u00e1 konstrukce odsouv\u00e1n\u00ed [&hellip;]\" \/>\n<meta property=\"og:url\" content=\"https:\/\/nobl.cz\/kancelarsky-nabytek\/nova-realizace-nobl-prave-predal-vybavene-kancelare-uspesne-firme-oboru-it\/\" \/>\n<meta property=\"og:site_name\" content=\"NO+BL kancel\u00e1\u0159sk\u00fd n\u00e1bytek a kancel\u00e1\u0159sk\u00e9 \u017eidle Praha\" \/>\n<meta property=\"article:published_time\" content=\"2017-09-19T19:36:28+00:00\" \/>\n<meta property=\"article:modified_time\" content=\"2017-09-20T08:14:17+00:00\" \/>\n<meta property=\"og:image\" content=\"https:\/\/nobl.cz\/kancelarsky-nabytek\/wp-content\/uploads\/2017\/09\/DSC_4657nahled.jpg\" \/>\n\t<meta property=\"og:image:width\" content=\"1198\" \/>\n\t<meta property=\"og:image:height\" content=\"992\" \/>\n\t<meta property=\"og:image:type\" content=\"image\/jpeg\" \/>\n<meta name=\"twitter:card\" content=\"summary\" \/>\n<meta name=\"twitter:label1\" content=\"Napsal(a)\" \/>\n\t<meta name=\"twitter:data1\" content=\"Michal\" \/>\n\t<meta name=\"twitter:label2\" content=\"Odhadovan\u00e1 doba \u010dten\u00ed\" \/>\n\t<meta name=\"twitter:data2\" content=\"1 minuta\" \/>\n<script type=\"application\/ld+json\" class=\"yoast-schema-graph\">{\"@context\":\"https:\/\/schema.org\",\"@graph\":[{\"@type\":\"WebSite\",\"@id\":\"https:\/\/nobl.cz\/kancelarsky-nabytek\/#website\",\"url\":\"https:\/\/nobl.cz\/kancelarsky-nabytek\/\",\"name\":\"NO+BL kancel\\u00e1\\u0159sk\\u00fd n\\u00e1bytek a kancel\\u00e1\\u0159sk\\u00e9 \\u017eidle Praha\",\"description\":\"V\\u00e1\\u0161 prodejce kancel\\u00e1\\u0159sk\\u00e9ho n\\u00e1bytku a kancel\\u00e1\\u0159sk\\u00fdch k\\u0159esel v Praze s tradic\\u00ed ji\\u017e v\\u00edce jak 33 let. Nab\\u00edz\\u00edme tak\\u00e9 opravy kancel\\u00e1\\u0159sk\\u00fdch \\u017eidl\\u00ed.\",\"potentialAction\":[{\"@type\":\"SearchAction\",\"target\":{\"@type\":\"EntryPoint\",\"urlTemplate\":\"https:\/\/nobl.cz\/kancelarsky-nabytek\/?s={search_term_string}\"},\"query-input\":\"required name=search_term_string\"}],\"inLanguage\":\"cs\"},{\"@type\":\"ImageObject\",\"@id\":\"https:\/\/nobl.cz\/kancelarsky-nabytek\/nova-realizace-nobl-prave-predal-vybavene-kancelare-uspesne-firme-oboru-it\/#primaryimage\",\"inLanguage\":\"cs\",\"url\":\"https:\/\/nobl.cz\/kancelarsky-nabytek\/wp-content\/uploads\/2017\/09\/DSC_4657nahled.jpg\",\"contentUrl\":\"https:\/\/nobl.cz\/kancelarsky-nabytek\/wp-content\/uploads\/2017\/09\/DSC_4657nahled.jpg\",\"width\":\"1198\",\"height\":\"992\"},{\"@type\":\"WebPage\",\"@id\":\"https:\/\/nobl.cz\/kancelarsky-nabytek\/nova-realizace-nobl-prave-predal-vybavene-kancelare-uspesne-firme-oboru-it\/#webpage\",\"url\":\"https:\/\/nobl.cz\/kancelarsky-nabytek\/nova-realizace-nobl-prave-predal-vybavene-kancelare-uspesne-firme-oboru-it\/\",\"name\":\"Nov\\u00e1 realizace: Komplet vybaven\\u00e9 kancel\\u00e1\\u0159e pro renomovanou IT firmu - NO+BL kancel\\u00e1\\u0159sk\\u00fd n\\u00e1bytek a kancel\\u00e1\\u0159sk\\u00e9 \\u017eidle Praha\",\"isPartOf\":{\"@id\":\"https:\/\/nobl.cz\/kancelarsky-nabytek\/#website\"},\"primaryImageOfPage\":{\"@id\":\"https:\/\/nobl.cz\/kancelarsky-nabytek\/nova-realizace-nobl-prave-predal-vybavene-kancelare-uspesne-firme-oboru-it\/#primaryimage\"},\"datePublished\":\"2017-09-19T19:36:28+00:00\",\"dateModified\":\"2017-09-20T08:14:17+00:00\",\"author\":{\"@id\":\"https:\/\/nobl.cz\/kancelarsky-nabytek\/#\/schema\/person\/f8c868bc80c683aef8e39abb65db150c\"},\"breadcrumb\":{\"@id\":\"https:\/\/nobl.cz\/kancelarsky-nabytek\/nova-realizace-nobl-prave-predal-vybavene-kancelare-uspesne-firme-oboru-it\/#breadcrumb\"},\"inLanguage\":\"cs\",\"potentialAction\":[{\"@type\":\"ReadAction\",\"target\":[\"https:\/\/nobl.cz\/kancelarsky-nabytek\/nova-realizace-nobl-prave-predal-vybavene-kancelare-uspesne-firme-oboru-it\/\"]}]},{\"@type\":\"BreadcrumbList\",\"@id\":\"https:\/\/nobl.cz\/kancelarsky-nabytek\/nova-realizace-nobl-prave-predal-vybavene-kancelare-uspesne-firme-oboru-it\/#breadcrumb\",\"itemListElement\":[{\"@type\":\"ListItem\",\"position\":1,\"name\":\"Dom\\u016f\",\"item\":\"https:\/\/nobl.cz\/kancelarsky-nabytek\/\"},{\"@type\":\"ListItem\",\"position\":2,\"name\":\"Nov\\u00e1 realizace: Komplet vybaven\\u00e9 kancel\\u00e1\\u0159e pro renomovanou IT firmu\"}]},{\"@type\":\"Person\",\"@id\":\"https:\/\/nobl.cz\/kancelarsky-nabytek\/#\/schema\/person\/f8c868bc80c683aef8e39abb65db150c\",\"name\":\"Michal\",\"image\":{\"@type\":\"ImageObject\",\"@id\":\"https:\/\/nobl.cz\/kancelarsky-nabytek\/#personlogo\",\"inLanguage\":\"cs\",\"url\":\"https:\/\/secure.gravatar.com\/avatar\/455259c7f450215ed2848d8d80f5ea58?s=96&d=mm&r=g\",\"contentUrl\":\"https:\/\/secure.gravatar.com\/avatar\/455259c7f450215ed2848d8d80f5ea58?s=96&d=mm&r=g\",\"caption\":\"Michal\"},\"url\":\"https:\/\/nobl.cz\/kancelarsky-nabytek\/author\/mjedon\/\"}]}<\/script>\n<!-- \/ Yoast SEO plugin. -->","yoast_head_json":{"title":"Nov\u00e1 realizace: Komplet vybaven\u00e9 kancel\u00e1\u0159e pro renomovanou IT firmu - NO+BL kancel\u00e1\u0159sk\u00fd n\u00e1bytek a kancel\u00e1\u0159sk\u00e9 \u017eidle Praha","robots":{"index":"index","follow":"follow","max-snippet":"max-snippet:-1","max-image-preview":"max-image-preview:large","max-video-preview":"max-video-preview:-1"},"canonical":"https:\/\/nobl.cz\/kancelarsky-nabytek\/nova-realizace-nobl-prave-predal-vybavene-kancelare-uspesne-firme-oboru-it\/","og_locale":"cs_CZ","og_type":"article","og_title":"Nov\u00e1 realizace: Komplet vybaven\u00e9 kancel\u00e1\u0159e pro renomovanou IT firmu - NO+BL kancel\u00e1\u0159sk\u00fd n\u00e1bytek a kancel\u00e1\u0159sk\u00e9 \u017eidle Praha","og_description":"NO+BL pr\u00e1v\u011b p\u0159edal vybaven\u00e9 kancel\u00e1\u0159e \u00fasp\u011b\u0161n\u00e9 firm\u011b z oboru IT. Cel\u00fd projekt interi\u00e9ru navrhovali zku\u0161en\u00ed projektanti atelieru Architekti CCA. T\u011bm se poda\u0159ilo vytvo\u0159it p\u0159\u00edjemn\u00e9 pracovn\u00ed prost\u0159ed\u00ed kombinac\u00ed d\u0159ev\u011bn\u00e9ho dez\u00e9nu na n\u00e1bytku i dve\u0159\u00edch a \u010dast\u00fdm st\u0159\u00edd\u00e1n\u00edm povrch\u016f podlah. N\u00e1bytkov\u00e1 \u0159ada NO+BL MULTILINE umo\u017e\u0148uje dod\u00e1vku jednotliv\u00fdch stol\u016f i kombinaci stolov\u00fdch hn\u00edzd. N\u00e1padit\u00e1 a levn\u00e1 konstrukce odsouv\u00e1n\u00ed [&hellip;]","og_url":"https:\/\/nobl.cz\/kancelarsky-nabytek\/nova-realizace-nobl-prave-predal-vybavene-kancelare-uspesne-firme-oboru-it\/","og_site_name":"NO+BL kancel\u00e1\u0159sk\u00fd n\u00e1bytek a kancel\u00e1\u0159sk\u00e9 \u017eidle Praha","article_published_time":"2017-09-19T19:36:28+00:00","article_modified_time":"2017-09-20T08:14:17+00:00","og_image":[{"width":"1198","height":"992","url":"https:\/\/nobl.cz\/kancelarsky-nabytek\/wp-content\/uploads\/2017\/09\/DSC_4657nahled.jpg","type":"image\/jpeg"}],"twitter_card":"summary","twitter_misc":{"Napsal(a)":"Michal","Odhadovan\u00e1 doba \u010dten\u00ed":"1 minuta"},"schema":{"@context":"https:\/\/schema.org","@graph":[{"@type":"WebSite","@id":"https:\/\/nobl.cz\/kancelarsky-nabytek\/#website","url":"https:\/\/nobl.cz\/kancelarsky-nabytek\/","name":"NO+BL kancel\u00e1\u0159sk\u00fd n\u00e1bytek a kancel\u00e1\u0159sk\u00e9 \u017eidle Praha","description":"V\u00e1\u0161 prodejce kancel\u00e1\u0159sk\u00e9ho n\u00e1bytku a kancel\u00e1\u0159sk\u00fdch k\u0159esel v Praze s tradic\u00ed ji\u017e v\u00edce jak 33 let. Nab\u00edz\u00edme tak\u00e9 opravy kancel\u00e1\u0159sk\u00fdch \u017eidl\u00ed.","potentialAction":[{"@type":"SearchAction","target":{"@type":"EntryPoint","urlTemplate":"https:\/\/nobl.cz\/kancelarsky-nabytek\/?s={search_term_string}"},"query-input":"required name=search_term_string"}],"inLanguage":"cs"},{"@type":"ImageObject","@id":"https:\/\/nobl.cz\/kancelarsky-nabytek\/nova-realizace-nobl-prave-predal-vybavene-kancelare-uspesne-firme-oboru-it\/#primaryimage","inLanguage":"cs","url":"https:\/\/nobl.cz\/kancelarsky-nabytek\/wp-content\/uploads\/2017\/09\/DSC_4657nahled.jpg","contentUrl":"https:\/\/nobl.cz\/kancelarsky-nabytek\/wp-content\/uploads\/2017\/09\/DSC_4657nahled.jpg","width":"1198","height":"992"},{"@type":"WebPage","@id":"https:\/\/nobl.cz\/kancelarsky-nabytek\/nova-realizace-nobl-prave-predal-vybavene-kancelare-uspesne-firme-oboru-it\/#webpage","url":"https:\/\/nobl.cz\/kancelarsky-nabytek\/nova-realizace-nobl-prave-predal-vybavene-kancelare-uspesne-firme-oboru-it\/","name":"Nov\u00e1 realizace: Komplet vybaven\u00e9 kancel\u00e1\u0159e pro renomovanou IT firmu - NO+BL kancel\u00e1\u0159sk\u00fd n\u00e1bytek a kancel\u00e1\u0159sk\u00e9 \u017eidle Praha","isPartOf":{"@id":"https:\/\/nobl.cz\/kancelarsky-nabytek\/#website"},"primaryImageOfPage":{"@id":"https:\/\/nobl.cz\/kancelarsky-nabytek\/nova-realizace-nobl-prave-predal-vybavene-kancelare-uspesne-firme-oboru-it\/#primaryimage"},"datePublished":"2017-09-19T19:36:28+00:00","dateModified":"2017-09-20T08:14:17+00:00","author":{"@id":"https:\/\/nobl.cz\/kancelarsky-nabytek\/#\/schema\/person\/f8c868bc80c683aef8e39abb65db150c"},"breadcrumb":{"@id":"https:\/\/nobl.cz\/kancelarsky-nabytek\/nova-realizace-nobl-prave-predal-vybavene-kancelare-uspesne-firme-oboru-it\/#breadcrumb"},"inLanguage":"cs","potentialAction":[{"@type":"ReadAction","target":["https:\/\/nobl.cz\/kancelarsky-nabytek\/nova-realizace-nobl-prave-predal-vybavene-kancelare-uspesne-firme-oboru-it\/"]}]},{"@type":"BreadcrumbList","@id":"https:\/\/nobl.cz\/kancelarsky-nabytek\/nova-realizace-nobl-prave-predal-vybavene-kancelare-uspesne-firme-oboru-it\/#breadcrumb","itemListElement":[{"@type":"ListItem","position":1,"name":"Dom\u016f","item":"https:\/\/nobl.cz\/kancelarsky-nabytek\/"},{"@type":"ListItem","position":2,"name":"Nov\u00e1 realizace: Komplet vybaven\u00e9 kancel\u00e1\u0159e pro renomovanou IT firmu"}]},{"@type":"Person","@id":"https:\/\/nobl.cz\/kancelarsky-nabytek\/#\/schema\/person\/f8c868bc80c683aef8e39abb65db150c","name":"Michal","image":{"@type":"ImageObject","@id":"https:\/\/nobl.cz\/kancelarsky-nabytek\/#personlogo","inLanguage":"cs","url":"https:\/\/secure.gravatar.com\/avatar\/455259c7f450215ed2848d8d80f5ea58?s=96&d=mm&r=g","contentUrl":"https:\/\/secure.gravatar.com\/avatar\/455259c7f450215ed2848d8d80f5ea58?s=96&d=mm&r=g","caption":"Michal"},"url":"https:\/\/nobl.cz\/kancelarsky-nabytek\/author\/mjedon\/"}]}},"_links":{"self":[{"href":"https:\/\/nobl.cz\/kancelarsky-nabytek\/wp-json\/wp\/v2\/posts\/7533"}],"collection":[{"href":"https:\/\/nobl.cz\/kancelarsky-nabytek\/wp-json\/wp\/v2\/posts"}],"about":[{"href":"https:\/\/nobl.cz\/kancelarsky-nabytek\/wp-json\/wp\/v2\/types\/post"}],"author":[{"embeddable":true,"href":"https:\/\/nobl.cz\/kancelarsky-nabytek\/wp-json\/wp\/v2\/users\/2"}],"replies":[{"embeddable":true,"href":"https:\/\/nobl.cz\/kancelarsky-nabytek\/wp-json\/wp\/v2\/comments?post=7533"}],"version-history":[{"count":4,"href":"https:\/\/nobl.cz\/kancelarsky-nabytek\/wp-json\/wp\/v2\/posts\/7533\/revisions"}],"predecessor-version":[{"id":7551,"href":"https:\/\/nobl.cz\/kancelarsky-nabytek\/wp-json\/wp\/v2\/posts\/7533\/revisions\/7551"}],"wp:featuredmedia":[{"embeddable":true,"href":"https:\/\/nobl.cz\/kancelarsky-nabytek\/wp-json\/wp\/v2\/media\/7550"}],"wp:attachment":[{"href":"https:\/\/nobl.cz\/kancelarsky-nabytek\/wp-json\/wp\/v2\/media?parent=7533"}],"wp:term":[{"taxonomy":"category","embeddable":true,"href":"https:\/\/nobl.cz\/kancelarsky-nabytek\/wp-json\/wp\/v2\/categories?post=7533"},{"taxonomy":"post_tag","embeddable":true,"href":"https:\/\/nobl.cz\/kancelarsky-nabytek\/wp-json\/wp\/v2\/tags?post=7533"}],"curies":[{"name":"wp","href":"https:\/\/api.w.org\/{rel}","templated":true}]}}