{"id":7604,"date":"2017-12-27T19:31:45","date_gmt":"2017-12-27T18:31:45","guid":{"rendered":"http:\/\/nobl.cz\/kancelarsky-nabytek\/?p=7604"},"modified":"2017-12-27T23:54:55","modified_gmt":"2017-12-27T22:54:55","slug":"nove-kancelare-predni-ceskou-investicni-skupinu-prohlednete-si-realizaci","status":"publish","type":"post","link":"https:\/\/nobl.cz\/kancelarsky-nabytek\/nove-kancelare-predni-ceskou-investicni-skupinu-prohlednete-si-realizaci\/","title":{"rendered":"Nov\u00e9 kancel\u00e1\u0159e pro p\u0159edn\u00ed \u010deskou investi\u010dn\u00ed skupinu. Prohl\u00e9dn\u011bte si na\u0161i novou realizaci."},"content":{"rendered":"<p style=\"text-align: justify;\">Zn\u00e1m\u00e1 investi\u010dn\u00ed skupina se p\u0159est\u011bhovala do nov\u00fdch prostor navr\u017een\u00fdch ak. arch. Kate\u0159inou V\u00e1vrovou. Jemn\u00fd, \u010dist\u00fd design lad\u011bn\u00fd do sn\u011bhov\u011b b\u00edl\u00e9 barvy, kter\u00e1 je dopln\u011bna p\u0159\u00edrodn\u00edm d\u0159evem.<\/p>\n<p style=\"text-align: justify;\">Podrobn\u00e9 informace V\u00e1m pod\u00e1me na tel. 603 440 471.<\/p>\n<p style=\"text-align: justify;\">R\u00e1di odpov\u00edme na Va\u0161e <a href=\"mailto:petr.novak@nobl.cz?subject=Podrobnosti vybaven\u00ed interi\u00e9ru investi\u010dn\u00ed skupiny\">dotazy<\/a>.<\/p>\n\n\t\t<style type=\"text\/css\">\n\t\t\t#gallery-1 {\n\t\t\t\tmargin: auto;\n\t\t\t}\n\t\t\t#gallery-1 .gallery-item {\n\t\t\t\tfloat: left;\n\t\t\t\tmargin-top: 10px;\n\t\t\t\ttext-align: center;\n\t\t\t\twidth: 50%;\n\t\t\t}\n\t\t\t#gallery-1 img {\n\t\t\t\tborder: 2px solid #cfcfcf;\n\t\t\t}\n\t\t\t#gallery-1 .gallery-caption {\n\t\t\t\tmargin-left: 0;\n\t\t\t}\n\t\t\t\/* see gallery_shortcode() in wp-includes\/media.php *\/\n\t\t<\/style>\n\t\t<div id='gallery-1' class='gallery galleryid-7604 gallery-columns-2 gallery-size-thumbnail'><dl class='gallery-item'>\n\t\t\t<dt class='gallery-icon landscape'>\n\t\t\t\t<a href='https:\/\/nobl.cz\/kancelarsky-nabytek\/wp-content\/uploads\/2017\/12\/IMG_6731-scaled.jpg'><img loading=\"lazy\" decoding=\"async\" width=\"340\" height=\"255\" src=\"https:\/\/nobl.cz\/kancelarsky-nabytek\/wp-content\/uploads\/2017\/12\/IMG_6731-scaled.jpg\" class=\"attachment-thumbnail size-thumbnail\" alt=\"\" srcset=\"https:\/\/nobl.cz\/kancelarsky-nabytek\/wp-content\/uploads\/2017\/12\/IMG_6731-scaled.jpg 2560w, https:\/\/nobl.cz\/kancelarsky-nabytek\/wp-content\/uploads\/2017\/12\/IMG_6731-510x383.jpg 510w\" sizes=\"(max-width: 340px) 100vw, 340px\" \/><\/a>\n\t\t\t<\/dt><\/dl><dl class='gallery-item'>\n\t\t\t<dt class='gallery-icon portrait'>\n\t\t\t\t<a href='https:\/\/nobl.cz\/kancelarsky-nabytek\/wp-content\/uploads\/2017\/12\/IMG_6732-e1514399590838-scaled.jpg'><img loading=\"lazy\" decoding=\"async\" width=\"255\" height=\"340\" src=\"https:\/\/nobl.cz\/kancelarsky-nabytek\/wp-content\/uploads\/2017\/12\/IMG_6732-e1514399590838-scaled.jpg\" class=\"attachment-thumbnail size-thumbnail\" alt=\"\" srcset=\"https:\/\/nobl.cz\/kancelarsky-nabytek\/wp-content\/uploads\/2017\/12\/IMG_6732-e1514399590838-scaled.jpg 1920w, https:\/\/nobl.cz\/kancelarsky-nabytek\/wp-content\/uploads\/2017\/12\/IMG_6732-e1514399590838-510x680.jpg 510w\" sizes=\"(max-width: 255px) 100vw, 255px\" \/><\/a>\n\t\t\t<\/dt><\/dl><br style=\"clear: both\" \/><dl class='gallery-item'>\n\t\t\t<dt class='gallery-icon portrait'>\n\t\t\t\t<a href='https:\/\/nobl.cz\/kancelarsky-nabytek\/wp-content\/uploads\/2017\/12\/IMG_6734-e1514399614502-scaled.jpg'><img loading=\"lazy\" decoding=\"async\" width=\"255\" height=\"340\" src=\"https:\/\/nobl.cz\/kancelarsky-nabytek\/wp-content\/uploads\/2017\/12\/IMG_6734-e1514399614502-scaled.jpg\" class=\"attachment-thumbnail size-thumbnail\" alt=\"\" srcset=\"https:\/\/nobl.cz\/kancelarsky-nabytek\/wp-content\/uploads\/2017\/12\/IMG_6734-e1514399614502-scaled.jpg 1920w, https:\/\/nobl.cz\/kancelarsky-nabytek\/wp-content\/uploads\/2017\/12\/IMG_6734-e1514399614502-510x680.jpg 510w\" sizes=\"(max-width: 255px) 100vw, 255px\" \/><\/a>\n\t\t\t<\/dt><\/dl><dl class='gallery-item'>\n\t\t\t<dt class='gallery-icon portrait'>\n\t\t\t\t<a href='https:\/\/nobl.cz\/kancelarsky-nabytek\/wp-content\/uploads\/2017\/12\/IMG_6742-e1514399640164-scaled.jpg'><img loading=\"lazy\" decoding=\"async\" width=\"255\" height=\"340\" src=\"https:\/\/nobl.cz\/kancelarsky-nabytek\/wp-content\/uploads\/2017\/12\/IMG_6742-e1514399640164-scaled.jpg\" class=\"attachment-thumbnail size-thumbnail\" alt=\"\" srcset=\"https:\/\/nobl.cz\/kancelarsky-nabytek\/wp-content\/uploads\/2017\/12\/IMG_6742-e1514399640164-scaled.jpg 1920w, https:\/\/nobl.cz\/kancelarsky-nabytek\/wp-content\/uploads\/2017\/12\/IMG_6742-e1514399640164-510x680.jpg 510w\" sizes=\"(max-width: 255px) 100vw, 255px\" \/><\/a>\n\t\t\t<\/dt><\/dl><br style=\"clear: both\" \/>\n\t\t<\/div>\n\n","protected":false},"excerpt":{"rendered":"<p>Zn\u00e1m\u00e1 investi\u010dn\u00ed skupina se p\u0159est\u011bhovala do nov\u00fdch prostor navr\u017een\u00fdch ak. arch. Kate\u0159inou V\u00e1vrovou. Jemn\u00fd, \u010dist\u00fd design lad\u011bn\u00fd do sn\u011bhov\u011b b\u00edl\u00e9 barvy, kter\u00e1 je dopln\u011bna p\u0159\u00edrodn\u00edm d\u0159evem. Podrobn\u00e9 informace V\u00e1m pod\u00e1me na tel. 603 440 471. R\u00e1di odpov\u00edme na Va\u0161e dotazy.<\/p>\n","protected":false},"author":2,"featured_media":7611,"comment_status":"closed","ping_status":"closed","sticky":false,"template":"","format":"standard","meta":{"footnotes":""},"categories":[148],"tags":[],"yoast_head":"<!-- This site is optimized with the Yoast SEO plugin v17.9 - https:\/\/yoast.com\/wordpress\/plugins\/seo\/ -->\n<title>Nov\u00e9 kancel\u00e1\u0159e pro p\u0159edn\u00ed \u010deskou investi\u010dn\u00ed skupinu. Prohl\u00e9dn\u011bte si na\u0161i novou realizaci. - NO+BL kancel\u00e1\u0159sk\u00fd n\u00e1bytek a kancel\u00e1\u0159sk\u00e9 \u017eidle Praha<\/title>\n<meta name=\"robots\" content=\"index, follow, max-snippet:-1, max-image-preview:large, max-video-preview:-1\" \/>\n<link rel=\"canonical\" href=\"https:\/\/nobl.cz\/kancelarsky-nabytek\/nove-kancelare-predni-ceskou-investicni-skupinu-prohlednete-si-realizaci\/\" \/>\n<meta property=\"og:locale\" content=\"cs_CZ\" \/>\n<meta property=\"og:type\" content=\"article\" \/>\n<meta property=\"og:title\" content=\"Nov\u00e9 kancel\u00e1\u0159e pro p\u0159edn\u00ed \u010deskou investi\u010dn\u00ed skupinu. Prohl\u00e9dn\u011bte si na\u0161i novou realizaci. - NO+BL kancel\u00e1\u0159sk\u00fd n\u00e1bytek a kancel\u00e1\u0159sk\u00e9 \u017eidle Praha\" \/>\n<meta property=\"og:description\" content=\"Zn\u00e1m\u00e1 investi\u010dn\u00ed skupina se p\u0159est\u011bhovala do nov\u00fdch prostor navr\u017een\u00fdch ak. arch. Kate\u0159inou V\u00e1vrovou. Jemn\u00fd, \u010dist\u00fd design lad\u011bn\u00fd do sn\u011bhov\u011b b\u00edl\u00e9 barvy, kter\u00e1 je dopln\u011bna p\u0159\u00edrodn\u00edm d\u0159evem. Podrobn\u00e9 informace V\u00e1m pod\u00e1me na tel. 603 440 471. R\u00e1di odpov\u00edme na Va\u0161e dotazy.\" \/>\n<meta property=\"og:url\" content=\"https:\/\/nobl.cz\/kancelarsky-nabytek\/nove-kancelare-predni-ceskou-investicni-skupinu-prohlednete-si-realizaci\/\" \/>\n<meta property=\"og:site_name\" content=\"NO+BL kancel\u00e1\u0159sk\u00fd n\u00e1bytek a kancel\u00e1\u0159sk\u00e9 \u017eidle Praha\" \/>\n<meta property=\"article:published_time\" content=\"2017-12-27T18:31:45+00:00\" \/>\n<meta property=\"article:modified_time\" content=\"2017-12-27T22:54:55+00:00\" \/>\n<meta property=\"og:image\" content=\"https:\/\/nobl.cz\/kancelarsky-nabytek\/wp-content\/uploads\/2017\/12\/IMG_6742x.jpg\" \/>\n\t<meta property=\"og:image:width\" content=\"1200\" \/>\n\t<meta property=\"og:image:height\" content=\"1000\" \/>\n\t<meta property=\"og:image:type\" content=\"image\/jpeg\" \/>\n<meta name=\"twitter:card\" content=\"summary\" \/>\n<meta name=\"twitter:label1\" content=\"Napsal(a)\" \/>\n\t<meta name=\"twitter:data1\" content=\"Michal\" \/>\n<script type=\"application\/ld+json\" class=\"yoast-schema-graph\">{\"@context\":\"https:\/\/schema.org\",\"@graph\":[{\"@type\":\"WebSite\",\"@id\":\"https:\/\/nobl.cz\/kancelarsky-nabytek\/#website\",\"url\":\"https:\/\/nobl.cz\/kancelarsky-nabytek\/\",\"name\":\"NO+BL kancel\\u00e1\\u0159sk\\u00fd n\\u00e1bytek a kancel\\u00e1\\u0159sk\\u00e9 \\u017eidle Praha\",\"description\":\"V\\u00e1\\u0161 prodejce kancel\\u00e1\\u0159sk\\u00e9ho n\\u00e1bytku a kancel\\u00e1\\u0159sk\\u00fdch k\\u0159esel v Praze s tradic\\u00ed ji\\u017e v\\u00edce jak 33 let. Nab\\u00edz\\u00edme tak\\u00e9 opravy kancel\\u00e1\\u0159sk\\u00fdch \\u017eidl\\u00ed.\",\"potentialAction\":[{\"@type\":\"SearchAction\",\"target\":{\"@type\":\"EntryPoint\",\"urlTemplate\":\"https:\/\/nobl.cz\/kancelarsky-nabytek\/?s={search_term_string}\"},\"query-input\":\"required name=search_term_string\"}],\"inLanguage\":\"cs\"},{\"@type\":\"ImageObject\",\"@id\":\"https:\/\/nobl.cz\/kancelarsky-nabytek\/nove-kancelare-predni-ceskou-investicni-skupinu-prohlednete-si-realizaci\/#primaryimage\",\"inLanguage\":\"cs\",\"url\":\"https:\/\/nobl.cz\/kancelarsky-nabytek\/wp-content\/uploads\/2017\/12\/IMG_6742x.jpg\",\"contentUrl\":\"https:\/\/nobl.cz\/kancelarsky-nabytek\/wp-content\/uploads\/2017\/12\/IMG_6742x.jpg\",\"width\":\"1200\",\"height\":\"1000\"},{\"@type\":\"WebPage\",\"@id\":\"https:\/\/nobl.cz\/kancelarsky-nabytek\/nove-kancelare-predni-ceskou-investicni-skupinu-prohlednete-si-realizaci\/#webpage\",\"url\":\"https:\/\/nobl.cz\/kancelarsky-nabytek\/nove-kancelare-predni-ceskou-investicni-skupinu-prohlednete-si-realizaci\/\",\"name\":\"Nov\\u00e9 kancel\\u00e1\\u0159e pro p\\u0159edn\\u00ed \\u010deskou investi\\u010dn\\u00ed skupinu. Prohl\\u00e9dn\\u011bte si na\\u0161i novou realizaci. - NO+BL kancel\\u00e1\\u0159sk\\u00fd n\\u00e1bytek a kancel\\u00e1\\u0159sk\\u00e9 \\u017eidle Praha\",\"isPartOf\":{\"@id\":\"https:\/\/nobl.cz\/kancelarsky-nabytek\/#website\"},\"primaryImageOfPage\":{\"@id\":\"https:\/\/nobl.cz\/kancelarsky-nabytek\/nove-kancelare-predni-ceskou-investicni-skupinu-prohlednete-si-realizaci\/#primaryimage\"},\"datePublished\":\"2017-12-27T18:31:45+00:00\",\"dateModified\":\"2017-12-27T22:54:55+00:00\",\"author\":{\"@id\":\"https:\/\/nobl.cz\/kancelarsky-nabytek\/#\/schema\/person\/f8c868bc80c683aef8e39abb65db150c\"},\"breadcrumb\":{\"@id\":\"https:\/\/nobl.cz\/kancelarsky-nabytek\/nove-kancelare-predni-ceskou-investicni-skupinu-prohlednete-si-realizaci\/#breadcrumb\"},\"inLanguage\":\"cs\",\"potentialAction\":[{\"@type\":\"ReadAction\",\"target\":[\"https:\/\/nobl.cz\/kancelarsky-nabytek\/nove-kancelare-predni-ceskou-investicni-skupinu-prohlednete-si-realizaci\/\"]}]},{\"@type\":\"BreadcrumbList\",\"@id\":\"https:\/\/nobl.cz\/kancelarsky-nabytek\/nove-kancelare-predni-ceskou-investicni-skupinu-prohlednete-si-realizaci\/#breadcrumb\",\"itemListElement\":[{\"@type\":\"ListItem\",\"position\":1,\"name\":\"Dom\\u016f\",\"item\":\"https:\/\/nobl.cz\/kancelarsky-nabytek\/\"},{\"@type\":\"ListItem\",\"position\":2,\"name\":\"Nov\\u00e9 kancel\\u00e1\\u0159e pro p\\u0159edn\\u00ed \\u010deskou investi\\u010dn\\u00ed skupinu. Prohl\\u00e9dn\\u011bte si na\\u0161i novou realizaci.\"}]},{\"@type\":\"Person\",\"@id\":\"https:\/\/nobl.cz\/kancelarsky-nabytek\/#\/schema\/person\/f8c868bc80c683aef8e39abb65db150c\",\"name\":\"Michal\",\"image\":{\"@type\":\"ImageObject\",\"@id\":\"https:\/\/nobl.cz\/kancelarsky-nabytek\/#personlogo\",\"inLanguage\":\"cs\",\"url\":\"https:\/\/secure.gravatar.com\/avatar\/455259c7f450215ed2848d8d80f5ea58?s=96&d=mm&r=g\",\"contentUrl\":\"https:\/\/secure.gravatar.com\/avatar\/455259c7f450215ed2848d8d80f5ea58?s=96&d=mm&r=g\",\"caption\":\"Michal\"},\"url\":\"https:\/\/nobl.cz\/kancelarsky-nabytek\/author\/mjedon\/\"}]}<\/script>\n<!-- \/ Yoast SEO plugin. -->","yoast_head_json":{"title":"Nov\u00e9 kancel\u00e1\u0159e pro p\u0159edn\u00ed \u010deskou investi\u010dn\u00ed skupinu. Prohl\u00e9dn\u011bte si na\u0161i novou realizaci. - NO+BL kancel\u00e1\u0159sk\u00fd n\u00e1bytek a kancel\u00e1\u0159sk\u00e9 \u017eidle Praha","robots":{"index":"index","follow":"follow","max-snippet":"max-snippet:-1","max-image-preview":"max-image-preview:large","max-video-preview":"max-video-preview:-1"},"canonical":"https:\/\/nobl.cz\/kancelarsky-nabytek\/nove-kancelare-predni-ceskou-investicni-skupinu-prohlednete-si-realizaci\/","og_locale":"cs_CZ","og_type":"article","og_title":"Nov\u00e9 kancel\u00e1\u0159e pro p\u0159edn\u00ed \u010deskou investi\u010dn\u00ed skupinu. Prohl\u00e9dn\u011bte si na\u0161i novou realizaci. - NO+BL kancel\u00e1\u0159sk\u00fd n\u00e1bytek a kancel\u00e1\u0159sk\u00e9 \u017eidle Praha","og_description":"Zn\u00e1m\u00e1 investi\u010dn\u00ed skupina se p\u0159est\u011bhovala do nov\u00fdch prostor navr\u017een\u00fdch ak. arch. Kate\u0159inou V\u00e1vrovou. Jemn\u00fd, \u010dist\u00fd design lad\u011bn\u00fd do sn\u011bhov\u011b b\u00edl\u00e9 barvy, kter\u00e1 je dopln\u011bna p\u0159\u00edrodn\u00edm d\u0159evem. Podrobn\u00e9 informace V\u00e1m pod\u00e1me na tel. 603 440 471. R\u00e1di odpov\u00edme na Va\u0161e dotazy.","og_url":"https:\/\/nobl.cz\/kancelarsky-nabytek\/nove-kancelare-predni-ceskou-investicni-skupinu-prohlednete-si-realizaci\/","og_site_name":"NO+BL kancel\u00e1\u0159sk\u00fd n\u00e1bytek a kancel\u00e1\u0159sk\u00e9 \u017eidle Praha","article_published_time":"2017-12-27T18:31:45+00:00","article_modified_time":"2017-12-27T22:54:55+00:00","og_image":[{"width":"1200","height":"1000","url":"https:\/\/nobl.cz\/kancelarsky-nabytek\/wp-content\/uploads\/2017\/12\/IMG_6742x.jpg","type":"image\/jpeg"}],"twitter_card":"summary","twitter_misc":{"Napsal(a)":"Michal"},"schema":{"@context":"https:\/\/schema.org","@graph":[{"@type":"WebSite","@id":"https:\/\/nobl.cz\/kancelarsky-nabytek\/#website","url":"https:\/\/nobl.cz\/kancelarsky-nabytek\/","name":"NO+BL kancel\u00e1\u0159sk\u00fd n\u00e1bytek a kancel\u00e1\u0159sk\u00e9 \u017eidle Praha","description":"V\u00e1\u0161 prodejce kancel\u00e1\u0159sk\u00e9ho n\u00e1bytku a kancel\u00e1\u0159sk\u00fdch k\u0159esel v Praze s tradic\u00ed ji\u017e v\u00edce jak 33 let. Nab\u00edz\u00edme tak\u00e9 opravy kancel\u00e1\u0159sk\u00fdch \u017eidl\u00ed.","potentialAction":[{"@type":"SearchAction","target":{"@type":"EntryPoint","urlTemplate":"https:\/\/nobl.cz\/kancelarsky-nabytek\/?s={search_term_string}"},"query-input":"required name=search_term_string"}],"inLanguage":"cs"},{"@type":"ImageObject","@id":"https:\/\/nobl.cz\/kancelarsky-nabytek\/nove-kancelare-predni-ceskou-investicni-skupinu-prohlednete-si-realizaci\/#primaryimage","inLanguage":"cs","url":"https:\/\/nobl.cz\/kancelarsky-nabytek\/wp-content\/uploads\/2017\/12\/IMG_6742x.jpg","contentUrl":"https:\/\/nobl.cz\/kancelarsky-nabytek\/wp-content\/uploads\/2017\/12\/IMG_6742x.jpg","width":"1200","height":"1000"},{"@type":"WebPage","@id":"https:\/\/nobl.cz\/kancelarsky-nabytek\/nove-kancelare-predni-ceskou-investicni-skupinu-prohlednete-si-realizaci\/#webpage","url":"https:\/\/nobl.cz\/kancelarsky-nabytek\/nove-kancelare-predni-ceskou-investicni-skupinu-prohlednete-si-realizaci\/","name":"Nov\u00e9 kancel\u00e1\u0159e pro p\u0159edn\u00ed \u010deskou investi\u010dn\u00ed skupinu. Prohl\u00e9dn\u011bte si na\u0161i novou realizaci. - NO+BL kancel\u00e1\u0159sk\u00fd n\u00e1bytek a kancel\u00e1\u0159sk\u00e9 \u017eidle Praha","isPartOf":{"@id":"https:\/\/nobl.cz\/kancelarsky-nabytek\/#website"},"primaryImageOfPage":{"@id":"https:\/\/nobl.cz\/kancelarsky-nabytek\/nove-kancelare-predni-ceskou-investicni-skupinu-prohlednete-si-realizaci\/#primaryimage"},"datePublished":"2017-12-27T18:31:45+00:00","dateModified":"2017-12-27T22:54:55+00:00","author":{"@id":"https:\/\/nobl.cz\/kancelarsky-nabytek\/#\/schema\/person\/f8c868bc80c683aef8e39abb65db150c"},"breadcrumb":{"@id":"https:\/\/nobl.cz\/kancelarsky-nabytek\/nove-kancelare-predni-ceskou-investicni-skupinu-prohlednete-si-realizaci\/#breadcrumb"},"inLanguage":"cs","potentialAction":[{"@type":"ReadAction","target":["https:\/\/nobl.cz\/kancelarsky-nabytek\/nove-kancelare-predni-ceskou-investicni-skupinu-prohlednete-si-realizaci\/"]}]},{"@type":"BreadcrumbList","@id":"https:\/\/nobl.cz\/kancelarsky-nabytek\/nove-kancelare-predni-ceskou-investicni-skupinu-prohlednete-si-realizaci\/#breadcrumb","itemListElement":[{"@type":"ListItem","position":1,"name":"Dom\u016f","item":"https:\/\/nobl.cz\/kancelarsky-nabytek\/"},{"@type":"ListItem","position":2,"name":"Nov\u00e9 kancel\u00e1\u0159e pro p\u0159edn\u00ed \u010deskou investi\u010dn\u00ed skupinu. Prohl\u00e9dn\u011bte si na\u0161i novou realizaci."}]},{"@type":"Person","@id":"https:\/\/nobl.cz\/kancelarsky-nabytek\/#\/schema\/person\/f8c868bc80c683aef8e39abb65db150c","name":"Michal","image":{"@type":"ImageObject","@id":"https:\/\/nobl.cz\/kancelarsky-nabytek\/#personlogo","inLanguage":"cs","url":"https:\/\/secure.gravatar.com\/avatar\/455259c7f450215ed2848d8d80f5ea58?s=96&d=mm&r=g","contentUrl":"https:\/\/secure.gravatar.com\/avatar\/455259c7f450215ed2848d8d80f5ea58?s=96&d=mm&r=g","caption":"Michal"},"url":"https:\/\/nobl.cz\/kancelarsky-nabytek\/author\/mjedon\/"}]}},"_links":{"self":[{"href":"https:\/\/nobl.cz\/kancelarsky-nabytek\/wp-json\/wp\/v2\/posts\/7604"}],"collection":[{"href":"https:\/\/nobl.cz\/kancelarsky-nabytek\/wp-json\/wp\/v2\/posts"}],"about":[{"href":"https:\/\/nobl.cz\/kancelarsky-nabytek\/wp-json\/wp\/v2\/types\/post"}],"author":[{"embeddable":true,"href":"https:\/\/nobl.cz\/kancelarsky-nabytek\/wp-json\/wp\/v2\/users\/2"}],"replies":[{"embeddable":true,"href":"https:\/\/nobl.cz\/kancelarsky-nabytek\/wp-json\/wp\/v2\/comments?post=7604"}],"version-history":[{"count":6,"href":"https:\/\/nobl.cz\/kancelarsky-nabytek\/wp-json\/wp\/v2\/posts\/7604\/revisions"}],"predecessor-version":[{"id":7628,"href":"https:\/\/nobl.cz\/kancelarsky-nabytek\/wp-json\/wp\/v2\/posts\/7604\/revisions\/7628"}],"wp:featuredmedia":[{"embeddable":true,"href":"https:\/\/nobl.cz\/kancelarsky-nabytek\/wp-json\/wp\/v2\/media\/7611"}],"wp:attachment":[{"href":"https:\/\/nobl.cz\/kancelarsky-nabytek\/wp-json\/wp\/v2\/media?parent=7604"}],"wp:term":[{"taxonomy":"category","embeddable":true,"href":"https:\/\/nobl.cz\/kancelarsky-nabytek\/wp-json\/wp\/v2\/categories?post=7604"},{"taxonomy":"post_tag","embeddable":true,"href":"https:\/\/nobl.cz\/kancelarsky-nabytek\/wp-json\/wp\/v2\/tags?post=7604"}],"curies":[{"name":"wp","href":"https:\/\/api.w.org\/{rel}","templated":true}]}}