{"id":7614,"date":"2017-12-27T19:59:44","date_gmt":"2017-12-27T18:59:44","guid":{"rendered":"http:\/\/nobl.cz\/kancelarsky-nabytek\/?p=7614"},"modified":"2017-12-28T00:01:41","modified_gmt":"2017-12-27T23:01:41","slug":"realizace-specialnich-stolovych-desek-pro-firmu-block","status":"publish","type":"post","link":"https:\/\/nobl.cz\/kancelarsky-nabytek\/realizace-specialnich-stolovych-desek-pro-firmu-block\/","title":{"rendered":"Realizace speci\u00e1ln\u00edch stolov\u00fdch desek pro firmu Block"},"content":{"rendered":"<p style=\"text-align: justify;\">Pro firmu Block jsme dod\u00e1vali speci\u00e1ln\u00ed stolov\u00e9 sestavy obkru\u017euj\u00edc\u00ed zdi v m\u00edstnosti pro maxim\u00e1ln\u00ed vyu\u017eit\u00ed prostoru. Pracovi\u0161t\u011b byly dopln\u011bny velk\u00fdmi n\u00e1st\u011bnkami na pozn\u00e1mky a policemi na prospekty. Plochy st\u00e1vaj\u00edc\u00edch vestav\u011bn\u00fdch sk\u0159\u00edn\u00ed jsme navrhli polepit jednoduch\u00fdm technick\u00fdm dekorem. Posu\u010fte sami, jak se n\u00e1m to povedlo\u2026<\/p>\n<p style=\"text-align: justify;\">Podrobn\u00e9 informace V\u00e1m pod\u00e1me na tel. 603 440 471.<\/p>\n<p style=\"text-align: justify;\">R\u00e1di odpov\u00edme na Va\u0161e <a href=\"mailto:petr.novak@nobl.cz?subject=Podrobnosti vybaven\u00ed firmy Block\">dotazy<\/a>.<\/p>\n\n\t\t<style type=\"text\/css\">\n\t\t\t#gallery-1 {\n\t\t\t\tmargin: auto;\n\t\t\t}\n\t\t\t#gallery-1 .gallery-item {\n\t\t\t\tfloat: left;\n\t\t\t\tmargin-top: 10px;\n\t\t\t\ttext-align: center;\n\t\t\t\twidth: 33%;\n\t\t\t}\n\t\t\t#gallery-1 img {\n\t\t\t\tborder: 2px solid #cfcfcf;\n\t\t\t}\n\t\t\t#gallery-1 .gallery-caption {\n\t\t\t\tmargin-left: 0;\n\t\t\t}\n\t\t\t\/* see gallery_shortcode() in wp-includes\/media.php *\/\n\t\t<\/style>\n\t\t<div id='gallery-1' class='gallery galleryid-7614 gallery-columns-3 gallery-size-thumbnail'><dl class='gallery-item'>\n\t\t\t<dt class='gallery-icon portrait'>\n\t\t\t\t<a href='https:\/\/nobl.cz\/kancelarsky-nabytek\/wp-content\/uploads\/2017\/12\/IMG_5736-e1514400254217-scaled.jpg'><img loading=\"lazy\" decoding=\"async\" width=\"255\" height=\"340\" src=\"https:\/\/nobl.cz\/kancelarsky-nabytek\/wp-content\/uploads\/2017\/12\/IMG_5736-e1514400254217-scaled.jpg\" class=\"attachment-thumbnail size-thumbnail\" alt=\"\" srcset=\"https:\/\/nobl.cz\/kancelarsky-nabytek\/wp-content\/uploads\/2017\/12\/IMG_5736-e1514400254217-scaled.jpg 1920w, https:\/\/nobl.cz\/kancelarsky-nabytek\/wp-content\/uploads\/2017\/12\/IMG_5736-e1514400254217-510x680.jpg 510w\" sizes=\"(max-width: 255px) 100vw, 255px\" \/><\/a>\n\t\t\t<\/dt><\/dl><dl class='gallery-item'>\n\t\t\t<dt class='gallery-icon portrait'>\n\t\t\t\t<a href='https:\/\/nobl.cz\/kancelarsky-nabytek\/wp-content\/uploads\/2017\/12\/IMG_5734-e1514400280184-scaled.jpg'><img loading=\"lazy\" decoding=\"async\" width=\"255\" height=\"340\" src=\"https:\/\/nobl.cz\/kancelarsky-nabytek\/wp-content\/uploads\/2017\/12\/IMG_5734-e1514400280184-scaled.jpg\" class=\"attachment-thumbnail size-thumbnail\" alt=\"\" srcset=\"https:\/\/nobl.cz\/kancelarsky-nabytek\/wp-content\/uploads\/2017\/12\/IMG_5734-e1514400280184-scaled.jpg 1920w, https:\/\/nobl.cz\/kancelarsky-nabytek\/wp-content\/uploads\/2017\/12\/IMG_5734-e1514400280184-510x680.jpg 510w\" sizes=\"(max-width: 255px) 100vw, 255px\" \/><\/a>\n\t\t\t<\/dt><\/dl><dl class='gallery-item'>\n\t\t\t<dt class='gallery-icon landscape'>\n\t\t\t\t<a href='https:\/\/nobl.cz\/kancelarsky-nabytek\/wp-content\/uploads\/2017\/12\/IMG_5735-scaled.jpg'><img loading=\"lazy\" decoding=\"async\" width=\"340\" height=\"255\" src=\"https:\/\/nobl.cz\/kancelarsky-nabytek\/wp-content\/uploads\/2017\/12\/IMG_5735-scaled.jpg\" class=\"attachment-thumbnail size-thumbnail\" alt=\"\" srcset=\"https:\/\/nobl.cz\/kancelarsky-nabytek\/wp-content\/uploads\/2017\/12\/IMG_5735-scaled.jpg 2560w, https:\/\/nobl.cz\/kancelarsky-nabytek\/wp-content\/uploads\/2017\/12\/IMG_5735-510x383.jpg 510w\" sizes=\"(max-width: 340px) 100vw, 340px\" \/><\/a>\n\t\t\t<\/dt><\/dl><br style=\"clear: both\" \/><dl class='gallery-item'>\n\t\t\t<dt class='gallery-icon portrait'>\n\t\t\t\t<a href='https:\/\/nobl.cz\/kancelarsky-nabytek\/wp-content\/uploads\/2017\/12\/IMG_5738-e1514400228320-scaled.jpg'><img loading=\"lazy\" decoding=\"async\" width=\"255\" height=\"340\" src=\"https:\/\/nobl.cz\/kancelarsky-nabytek\/wp-content\/uploads\/2017\/12\/IMG_5738-e1514400228320-scaled.jpg\" class=\"attachment-thumbnail size-thumbnail\" alt=\"\" srcset=\"https:\/\/nobl.cz\/kancelarsky-nabytek\/wp-content\/uploads\/2017\/12\/IMG_5738-e1514400228320-scaled.jpg 1920w, https:\/\/nobl.cz\/kancelarsky-nabytek\/wp-content\/uploads\/2017\/12\/IMG_5738-e1514400228320-510x680.jpg 510w\" sizes=\"(max-width: 255px) 100vw, 255px\" \/><\/a>\n\t\t\t<\/dt><\/dl><dl class='gallery-item'>\n\t\t\t<dt class='gallery-icon landscape'>\n\t\t\t\t<a href='https:\/\/nobl.cz\/kancelarsky-nabytek\/wp-content\/uploads\/2017\/12\/navrh-Polep-skrine-215.jpg'><img loading=\"lazy\" decoding=\"async\" width=\"340\" height=\"295\" src=\"https:\/\/nobl.cz\/kancelarsky-nabytek\/wp-content\/uploads\/2017\/12\/navrh-Polep-skrine-215.jpg\" class=\"attachment-thumbnail size-thumbnail\" alt=\"\" srcset=\"https:\/\/nobl.cz\/kancelarsky-nabytek\/wp-content\/uploads\/2017\/12\/navrh-Polep-skrine-215.jpg 909w, https:\/\/nobl.cz\/kancelarsky-nabytek\/wp-content\/uploads\/2017\/12\/navrh-Polep-skrine-215-510x443.jpg 510w\" sizes=\"(max-width: 340px) 100vw, 340px\" \/><\/a>\n\t\t\t<\/dt><\/dl><dl class='gallery-item'>\n\t\t\t<dt class='gallery-icon landscape'>\n\t\t\t\t<a href='https:\/\/nobl.cz\/kancelarsky-nabytek\/wp-content\/uploads\/2017\/12\/polep-foto-scaled.jpg'><img loading=\"lazy\" decoding=\"async\" width=\"340\" height=\"255\" src=\"https:\/\/nobl.cz\/kancelarsky-nabytek\/wp-content\/uploads\/2017\/12\/polep-foto-scaled.jpg\" class=\"attachment-thumbnail size-thumbnail\" alt=\"\" aria-describedby=\"gallery-1-7620\" srcset=\"https:\/\/nobl.cz\/kancelarsky-nabytek\/wp-content\/uploads\/2017\/12\/polep-foto-scaled.jpg 2560w, https:\/\/nobl.cz\/kancelarsky-nabytek\/wp-content\/uploads\/2017\/12\/polep-foto-510x383.jpg 510w\" sizes=\"(max-width: 340px) 100vw, 340px\" \/><\/a>\n\t\t\t<\/dt>\n\t\t\t\t<dd class='wp-caption-text gallery-caption' id='gallery-1-7620'>\n\t\t\t\tDesignov\u00fd polep star\u00fdch sk\u0159\u00edn\u00ed\n\t\t\t\t<\/dd><\/dl><br style=\"clear: both\" \/>\n\t\t<\/div>\n\n","protected":false},"excerpt":{"rendered":"<p>Pro firmu Block jsme dod\u00e1vali speci\u00e1ln\u00ed stolov\u00e9 sestavy obkru\u017euj\u00edc\u00ed zdi v m\u00edstnosti pro maxim\u00e1ln\u00ed vyu\u017eit\u00ed prostoru. Pracovi\u0161t\u011b byly dopln\u011bny velk\u00fdmi n\u00e1st\u011bnkami na pozn\u00e1mky a policemi na prospekty. Plochy st\u00e1vaj\u00edc\u00edch vestav\u011bn\u00fdch sk\u0159\u00edn\u00ed jsme navrhli polepit jednoduch\u00fdm technick\u00fdm dekorem. Posu\u010fte sami, jak se n\u00e1m to povedlo\u2026 Podrobn\u00e9 informace V\u00e1m pod\u00e1me na tel. 603 440 471. R\u00e1di odpov\u00edme [&hellip;]\n","protected":false},"author":2,"featured_media":7621,"comment_status":"closed","ping_status":"closed","sticky":false,"template":"","format":"standard","meta":{"footnotes":""},"categories":[148],"tags":[],"yoast_head":"<!-- This site is optimized with the Yoast SEO plugin v17.9 - https:\/\/yoast.com\/wordpress\/plugins\/seo\/ -->\n<title>Realizace speci\u00e1ln\u00edch stolov\u00fdch desek pro firmu Block - NO+BL kancel\u00e1\u0159sk\u00fd n\u00e1bytek a kancel\u00e1\u0159sk\u00e9 \u017eidle Praha<\/title>\n<meta name=\"robots\" content=\"index, follow, max-snippet:-1, max-image-preview:large, max-video-preview:-1\" \/>\n<link rel=\"canonical\" href=\"https:\/\/nobl.cz\/kancelarsky-nabytek\/realizace-specialnich-stolovych-desek-pro-firmu-block\/\" \/>\n<meta property=\"og:locale\" content=\"cs_CZ\" \/>\n<meta property=\"og:type\" content=\"article\" \/>\n<meta property=\"og:title\" content=\"Realizace speci\u00e1ln\u00edch stolov\u00fdch desek pro firmu Block - NO+BL kancel\u00e1\u0159sk\u00fd n\u00e1bytek a kancel\u00e1\u0159sk\u00e9 \u017eidle Praha\" \/>\n<meta property=\"og:description\" content=\"Pro firmu Block jsme dod\u00e1vali speci\u00e1ln\u00ed stolov\u00e9 sestavy obkru\u017euj\u00edc\u00ed zdi v m\u00edstnosti pro maxim\u00e1ln\u00ed vyu\u017eit\u00ed prostoru. Pracovi\u0161t\u011b byly dopln\u011bny velk\u00fdmi n\u00e1st\u011bnkami na pozn\u00e1mky a policemi na prospekty. Plochy st\u00e1vaj\u00edc\u00edch vestav\u011bn\u00fdch sk\u0159\u00edn\u00ed jsme navrhli polepit jednoduch\u00fdm technick\u00fdm dekorem. Posu\u010fte sami, jak se n\u00e1m to povedlo\u2026 Podrobn\u00e9 informace V\u00e1m pod\u00e1me na tel. 603 440 471. R\u00e1di odpov\u00edme [&hellip;]\" \/>\n<meta property=\"og:url\" content=\"https:\/\/nobl.cz\/kancelarsky-nabytek\/realizace-specialnich-stolovych-desek-pro-firmu-block\/\" \/>\n<meta property=\"og:site_name\" content=\"NO+BL kancel\u00e1\u0159sk\u00fd n\u00e1bytek a kancel\u00e1\u0159sk\u00e9 \u017eidle Praha\" \/>\n<meta property=\"article:published_time\" content=\"2017-12-27T18:59:44+00:00\" \/>\n<meta property=\"article:modified_time\" content=\"2017-12-27T23:01:41+00:00\" \/>\n<meta property=\"og:image\" content=\"https:\/\/nobl.cz\/kancelarsky-nabytek\/wp-content\/uploads\/2017\/12\/IMG_5735x.jpg\" \/>\n\t<meta property=\"og:image:width\" content=\"1200\" \/>\n\t<meta property=\"og:image:height\" content=\"1000\" \/>\n\t<meta property=\"og:image:type\" content=\"image\/jpeg\" \/>\n<meta name=\"twitter:card\" content=\"summary\" \/>\n<meta name=\"twitter:label1\" content=\"Napsal(a)\" \/>\n\t<meta name=\"twitter:data1\" content=\"Michal\" \/>\n<script type=\"application\/ld+json\" class=\"yoast-schema-graph\">{\"@context\":\"https:\/\/schema.org\",\"@graph\":[{\"@type\":\"WebSite\",\"@id\":\"https:\/\/nobl.cz\/kancelarsky-nabytek\/#website\",\"url\":\"https:\/\/nobl.cz\/kancelarsky-nabytek\/\",\"name\":\"NO+BL kancel\\u00e1\\u0159sk\\u00fd n\\u00e1bytek a kancel\\u00e1\\u0159sk\\u00e9 \\u017eidle Praha\",\"description\":\"V\\u00e1\\u0161 prodejce kancel\\u00e1\\u0159sk\\u00e9ho n\\u00e1bytku a kancel\\u00e1\\u0159sk\\u00fdch k\\u0159esel v Praze s tradic\\u00ed ji\\u017e v\\u00edce jak 33 let. Nab\\u00edz\\u00edme tak\\u00e9 opravy kancel\\u00e1\\u0159sk\\u00fdch \\u017eidl\\u00ed.\",\"potentialAction\":[{\"@type\":\"SearchAction\",\"target\":{\"@type\":\"EntryPoint\",\"urlTemplate\":\"https:\/\/nobl.cz\/kancelarsky-nabytek\/?s={search_term_string}\"},\"query-input\":\"required name=search_term_string\"}],\"inLanguage\":\"cs\"},{\"@type\":\"ImageObject\",\"@id\":\"https:\/\/nobl.cz\/kancelarsky-nabytek\/realizace-specialnich-stolovych-desek-pro-firmu-block\/#primaryimage\",\"inLanguage\":\"cs\",\"url\":\"https:\/\/nobl.cz\/kancelarsky-nabytek\/wp-content\/uploads\/2017\/12\/IMG_5735x.jpg\",\"contentUrl\":\"https:\/\/nobl.cz\/kancelarsky-nabytek\/wp-content\/uploads\/2017\/12\/IMG_5735x.jpg\",\"width\":\"1200\",\"height\":\"1000\"},{\"@type\":\"WebPage\",\"@id\":\"https:\/\/nobl.cz\/kancelarsky-nabytek\/realizace-specialnich-stolovych-desek-pro-firmu-block\/#webpage\",\"url\":\"https:\/\/nobl.cz\/kancelarsky-nabytek\/realizace-specialnich-stolovych-desek-pro-firmu-block\/\",\"name\":\"Realizace speci\\u00e1ln\\u00edch stolov\\u00fdch desek pro firmu Block - NO+BL kancel\\u00e1\\u0159sk\\u00fd n\\u00e1bytek a kancel\\u00e1\\u0159sk\\u00e9 \\u017eidle Praha\",\"isPartOf\":{\"@id\":\"https:\/\/nobl.cz\/kancelarsky-nabytek\/#website\"},\"primaryImageOfPage\":{\"@id\":\"https:\/\/nobl.cz\/kancelarsky-nabytek\/realizace-specialnich-stolovych-desek-pro-firmu-block\/#primaryimage\"},\"datePublished\":\"2017-12-27T18:59:44+00:00\",\"dateModified\":\"2017-12-27T23:01:41+00:00\",\"author\":{\"@id\":\"https:\/\/nobl.cz\/kancelarsky-nabytek\/#\/schema\/person\/f8c868bc80c683aef8e39abb65db150c\"},\"breadcrumb\":{\"@id\":\"https:\/\/nobl.cz\/kancelarsky-nabytek\/realizace-specialnich-stolovych-desek-pro-firmu-block\/#breadcrumb\"},\"inLanguage\":\"cs\",\"potentialAction\":[{\"@type\":\"ReadAction\",\"target\":[\"https:\/\/nobl.cz\/kancelarsky-nabytek\/realizace-specialnich-stolovych-desek-pro-firmu-block\/\"]}]},{\"@type\":\"BreadcrumbList\",\"@id\":\"https:\/\/nobl.cz\/kancelarsky-nabytek\/realizace-specialnich-stolovych-desek-pro-firmu-block\/#breadcrumb\",\"itemListElement\":[{\"@type\":\"ListItem\",\"position\":1,\"name\":\"Dom\\u016f\",\"item\":\"https:\/\/nobl.cz\/kancelarsky-nabytek\/\"},{\"@type\":\"ListItem\",\"position\":2,\"name\":\"Realizace speci\\u00e1ln\\u00edch stolov\\u00fdch desek pro firmu Block\"}]},{\"@type\":\"Person\",\"@id\":\"https:\/\/nobl.cz\/kancelarsky-nabytek\/#\/schema\/person\/f8c868bc80c683aef8e39abb65db150c\",\"name\":\"Michal\",\"image\":{\"@type\":\"ImageObject\",\"@id\":\"https:\/\/nobl.cz\/kancelarsky-nabytek\/#personlogo\",\"inLanguage\":\"cs\",\"url\":\"https:\/\/secure.gravatar.com\/avatar\/455259c7f450215ed2848d8d80f5ea58?s=96&d=mm&r=g\",\"contentUrl\":\"https:\/\/secure.gravatar.com\/avatar\/455259c7f450215ed2848d8d80f5ea58?s=96&d=mm&r=g\",\"caption\":\"Michal\"},\"url\":\"https:\/\/nobl.cz\/kancelarsky-nabytek\/author\/mjedon\/\"}]}<\/script>\n<!-- \/ Yoast SEO plugin. -->","yoast_head_json":{"title":"Realizace speci\u00e1ln\u00edch stolov\u00fdch desek pro firmu Block - NO+BL kancel\u00e1\u0159sk\u00fd n\u00e1bytek a kancel\u00e1\u0159sk\u00e9 \u017eidle Praha","robots":{"index":"index","follow":"follow","max-snippet":"max-snippet:-1","max-image-preview":"max-image-preview:large","max-video-preview":"max-video-preview:-1"},"canonical":"https:\/\/nobl.cz\/kancelarsky-nabytek\/realizace-specialnich-stolovych-desek-pro-firmu-block\/","og_locale":"cs_CZ","og_type":"article","og_title":"Realizace speci\u00e1ln\u00edch stolov\u00fdch desek pro firmu Block - NO+BL kancel\u00e1\u0159sk\u00fd n\u00e1bytek a kancel\u00e1\u0159sk\u00e9 \u017eidle Praha","og_description":"Pro firmu Block jsme dod\u00e1vali speci\u00e1ln\u00ed stolov\u00e9 sestavy obkru\u017euj\u00edc\u00ed zdi v m\u00edstnosti pro maxim\u00e1ln\u00ed vyu\u017eit\u00ed prostoru. Pracovi\u0161t\u011b byly dopln\u011bny velk\u00fdmi n\u00e1st\u011bnkami na pozn\u00e1mky a policemi na prospekty. Plochy st\u00e1vaj\u00edc\u00edch vestav\u011bn\u00fdch sk\u0159\u00edn\u00ed jsme navrhli polepit jednoduch\u00fdm technick\u00fdm dekorem. Posu\u010fte sami, jak se n\u00e1m to povedlo\u2026 Podrobn\u00e9 informace V\u00e1m pod\u00e1me na tel. 603 440 471. R\u00e1di odpov\u00edme [&hellip;]","og_url":"https:\/\/nobl.cz\/kancelarsky-nabytek\/realizace-specialnich-stolovych-desek-pro-firmu-block\/","og_site_name":"NO+BL kancel\u00e1\u0159sk\u00fd n\u00e1bytek a kancel\u00e1\u0159sk\u00e9 \u017eidle Praha","article_published_time":"2017-12-27T18:59:44+00:00","article_modified_time":"2017-12-27T23:01:41+00:00","og_image":[{"width":"1200","height":"1000","url":"https:\/\/nobl.cz\/kancelarsky-nabytek\/wp-content\/uploads\/2017\/12\/IMG_5735x.jpg","type":"image\/jpeg"}],"twitter_card":"summary","twitter_misc":{"Napsal(a)":"Michal"},"schema":{"@context":"https:\/\/schema.org","@graph":[{"@type":"WebSite","@id":"https:\/\/nobl.cz\/kancelarsky-nabytek\/#website","url":"https:\/\/nobl.cz\/kancelarsky-nabytek\/","name":"NO+BL kancel\u00e1\u0159sk\u00fd n\u00e1bytek a kancel\u00e1\u0159sk\u00e9 \u017eidle Praha","description":"V\u00e1\u0161 prodejce kancel\u00e1\u0159sk\u00e9ho n\u00e1bytku a kancel\u00e1\u0159sk\u00fdch k\u0159esel v Praze s tradic\u00ed ji\u017e v\u00edce jak 33 let. Nab\u00edz\u00edme tak\u00e9 opravy kancel\u00e1\u0159sk\u00fdch \u017eidl\u00ed.","potentialAction":[{"@type":"SearchAction","target":{"@type":"EntryPoint","urlTemplate":"https:\/\/nobl.cz\/kancelarsky-nabytek\/?s={search_term_string}"},"query-input":"required name=search_term_string"}],"inLanguage":"cs"},{"@type":"ImageObject","@id":"https:\/\/nobl.cz\/kancelarsky-nabytek\/realizace-specialnich-stolovych-desek-pro-firmu-block\/#primaryimage","inLanguage":"cs","url":"https:\/\/nobl.cz\/kancelarsky-nabytek\/wp-content\/uploads\/2017\/12\/IMG_5735x.jpg","contentUrl":"https:\/\/nobl.cz\/kancelarsky-nabytek\/wp-content\/uploads\/2017\/12\/IMG_5735x.jpg","width":"1200","height":"1000"},{"@type":"WebPage","@id":"https:\/\/nobl.cz\/kancelarsky-nabytek\/realizace-specialnich-stolovych-desek-pro-firmu-block\/#webpage","url":"https:\/\/nobl.cz\/kancelarsky-nabytek\/realizace-specialnich-stolovych-desek-pro-firmu-block\/","name":"Realizace speci\u00e1ln\u00edch stolov\u00fdch desek pro firmu Block - NO+BL kancel\u00e1\u0159sk\u00fd n\u00e1bytek a kancel\u00e1\u0159sk\u00e9 \u017eidle Praha","isPartOf":{"@id":"https:\/\/nobl.cz\/kancelarsky-nabytek\/#website"},"primaryImageOfPage":{"@id":"https:\/\/nobl.cz\/kancelarsky-nabytek\/realizace-specialnich-stolovych-desek-pro-firmu-block\/#primaryimage"},"datePublished":"2017-12-27T18:59:44+00:00","dateModified":"2017-12-27T23:01:41+00:00","author":{"@id":"https:\/\/nobl.cz\/kancelarsky-nabytek\/#\/schema\/person\/f8c868bc80c683aef8e39abb65db150c"},"breadcrumb":{"@id":"https:\/\/nobl.cz\/kancelarsky-nabytek\/realizace-specialnich-stolovych-desek-pro-firmu-block\/#breadcrumb"},"inLanguage":"cs","potentialAction":[{"@type":"ReadAction","target":["https:\/\/nobl.cz\/kancelarsky-nabytek\/realizace-specialnich-stolovych-desek-pro-firmu-block\/"]}]},{"@type":"BreadcrumbList","@id":"https:\/\/nobl.cz\/kancelarsky-nabytek\/realizace-specialnich-stolovych-desek-pro-firmu-block\/#breadcrumb","itemListElement":[{"@type":"ListItem","position":1,"name":"Dom\u016f","item":"https:\/\/nobl.cz\/kancelarsky-nabytek\/"},{"@type":"ListItem","position":2,"name":"Realizace speci\u00e1ln\u00edch stolov\u00fdch desek pro firmu Block"}]},{"@type":"Person","@id":"https:\/\/nobl.cz\/kancelarsky-nabytek\/#\/schema\/person\/f8c868bc80c683aef8e39abb65db150c","name":"Michal","image":{"@type":"ImageObject","@id":"https:\/\/nobl.cz\/kancelarsky-nabytek\/#personlogo","inLanguage":"cs","url":"https:\/\/secure.gravatar.com\/avatar\/455259c7f450215ed2848d8d80f5ea58?s=96&d=mm&r=g","contentUrl":"https:\/\/secure.gravatar.com\/avatar\/455259c7f450215ed2848d8d80f5ea58?s=96&d=mm&r=g","caption":"Michal"},"url":"https:\/\/nobl.cz\/kancelarsky-nabytek\/author\/mjedon\/"}]}},"_links":{"self":[{"href":"https:\/\/nobl.cz\/kancelarsky-nabytek\/wp-json\/wp\/v2\/posts\/7614"}],"collection":[{"href":"https:\/\/nobl.cz\/kancelarsky-nabytek\/wp-json\/wp\/v2\/posts"}],"about":[{"href":"https:\/\/nobl.cz\/kancelarsky-nabytek\/wp-json\/wp\/v2\/types\/post"}],"author":[{"embeddable":true,"href":"https:\/\/nobl.cz\/kancelarsky-nabytek\/wp-json\/wp\/v2\/users\/2"}],"replies":[{"embeddable":true,"href":"https:\/\/nobl.cz\/kancelarsky-nabytek\/wp-json\/wp\/v2\/comments?post=7614"}],"version-history":[{"count":3,"href":"https:\/\/nobl.cz\/kancelarsky-nabytek\/wp-json\/wp\/v2\/posts\/7614\/revisions"}],"predecessor-version":[{"id":7630,"href":"https:\/\/nobl.cz\/kancelarsky-nabytek\/wp-json\/wp\/v2\/posts\/7614\/revisions\/7630"}],"wp:featuredmedia":[{"embeddable":true,"href":"https:\/\/nobl.cz\/kancelarsky-nabytek\/wp-json\/wp\/v2\/media\/7621"}],"wp:attachment":[{"href":"https:\/\/nobl.cz\/kancelarsky-nabytek\/wp-json\/wp\/v2\/media?parent=7614"}],"wp:term":[{"taxonomy":"category","embeddable":true,"href":"https:\/\/nobl.cz\/kancelarsky-nabytek\/wp-json\/wp\/v2\/categories?post=7614"},{"taxonomy":"post_tag","embeddable":true,"href":"https:\/\/nobl.cz\/kancelarsky-nabytek\/wp-json\/wp\/v2\/tags?post=7614"}],"curies":[{"name":"wp","href":"https:\/\/api.w.org\/{rel}","templated":true}]}}