{"id":7658,"date":"2018-02-07T09:58:29","date_gmt":"2018-02-07T08:58:29","guid":{"rendered":"http:\/\/nobl.cz\/kancelarsky-nabytek\/?p=7658"},"modified":"2018-06-27T13:00:44","modified_gmt":"2018-06-27T12:00:44","slug":"pripraveni-gdpr-vas-kancelarsky-nabytek","status":"publish","type":"post","link":"https:\/\/nobl.cz\/kancelarsky-nabytek\/pripraveni-gdpr-vas-kancelarsky-nabytek\/","title":{"rendered":"P\u0159ipraveni na GDPR? A v\u00e1\u0161 kancel\u00e1\u0159sk\u00fd n\u00e1bytek?"},"content":{"rendered":"<p style=\"text-align: justify;\">V\u00edte, \u017ee nov\u00e9 povinnosti vypl\u00fdvaj\u00edc\u00ed z na\u0159\u00edzen\u00ed GDPR zvy\u0161uj\u00ed n\u00e1roky na zabezpe\u010den\u00ed dokument\u016f ulo\u017een\u00fdch ve va\u0161ich kancel\u00e1\u0159\u00edch? M\u00e1te je ji\u017e nyn\u00ed dostate\u010dn\u011b zabezpe\u010den\u00e9?\u00a0Nechceme V\u00e1m jen radit, jak se m\u00e1te p\u0159ipravit na p\u0159\u00edsn\u011bj\u0161\u00ed zach\u00e1zen\u00ed s osobn\u00edmi daty Va\u0161ich partner\u016f. <strong>Nab\u00edz\u00edme V\u00e1m ale, jak se na to m\u016f\u017ee p\u0159ipravit V\u00e1\u0161 n\u00e1bytek!<\/strong><\/p>\n<p style=\"text-align: justify;\">P\u0159ijedeme na kontrolu v\u0161ech Va\u0161ich n\u00e1bytkov\u00fdch z\u00e1mk\u016f. Oprav\u00edme, p\u0159\u00edpadn\u011b nainstalujeme nov\u00e9 z\u00e1mky do Va\u0161ich sk\u0159\u00edn\u00ed. Se\u0159\u00edd\u00edme v\u0161echna Va\u0161e dv\u00ed\u0159ka a z\u00e1suvky!<\/p>\n<p style=\"text-align: justify;\">Dal\u0161\u00ed podrobnosti o GDPR najdete nap\u0159\u00edklad na webu <a href=\"http:\/\/www.gdpr.cz\">www.gdpr.cz<\/a>, individu\u00e1ln\u00ed podm\u00ednky pro v\u00e1\u0161 obor podnik\u00e1n\u00ed v\u017edy doporu\u010dujeme \u0159e\u0161it se specializovan\u00fdm advok\u00e1tem a IT technikem \u010di bezpe\u010dnostn\u00edm technikem.<\/p>\n<p><img loading=\"lazy\" decoding=\"async\" class=\"wp-image-7661 alignright\" style=\"text-align: justify;\" src=\"\/\/nobl.cz\/kancelarsky-nabytek\/wp-content\/uploads\/2018\/02\/522966-k2463-10-10-ajtos-ertekmegorzo-szekreny1kh6ng.jpg\" alt=\"\" width=\"292\" height=\"242\" \/><\/p>\n<p style=\"text-align: justify;\"><strong>Orienta\u010dn\u00ed cen\u00edk na\u0161ich slu\u017eeb:<\/strong><\/p>\n<p style=\"text-align: justify;\">(N\u00e1v\u0161t\u011bva technika, kter\u00fd v\u0161e prohl\u00e9dne a navrhne p\u0159\u00edpadn\u00e9 \u00fapravy)<\/p>\n<p style=\"text-align: justify;\"><strong>Praha<\/strong> &#8211; 980 K\u010d+DPH, obsahuje cestu a 2 hodiny u V\u00e1s, ka\u017ed\u00e1 dal\u0161\u00ed zapo\u010dat\u00e1 hodina &#8211; 280 K\u010d<\/p>\n<p style=\"text-align: justify;\"><strong>mimo Prahu<\/strong> +15 K\u010d\/km cesty k V\u00e1m.<\/p>\n<p style=\"text-align: justify;\"><em>Cena p\u0159\u00edpadn\u00fdch oprav bude ur\u010dena dohodou.<\/em><\/p>\n<p style=\"text-align: justify;\"><strong>Kontaktujte p\u0159\u00edmo specializovan\u00e9ho technika NO+BL: <\/strong><\/p>\n<p style=\"text-align: justify;\">Ji\u0159\u00ed Somol, tel. 776 696 918 , mail: jiri.somol@nobl.cz<\/p>\n\n\t\t<style type=\"text\/css\">\n\t\t\t#gallery-1 {\n\t\t\t\tmargin: auto;\n\t\t\t}\n\t\t\t#gallery-1 .gallery-item {\n\t\t\t\tfloat: left;\n\t\t\t\tmargin-top: 10px;\n\t\t\t\ttext-align: center;\n\t\t\t\twidth: 25%;\n\t\t\t}\n\t\t\t#gallery-1 img {\n\t\t\t\tborder: 2px solid #cfcfcf;\n\t\t\t}\n\t\t\t#gallery-1 .gallery-caption {\n\t\t\t\tmargin-left: 0;\n\t\t\t}\n\t\t\t\/* see gallery_shortcode() in wp-includes\/media.php *\/\n\t\t<\/style>\n\t\t<div id='gallery-1' class='gallery galleryid-7658 gallery-columns-4 gallery-size-thumbnail'><dl class='gallery-item'>\n\t\t\t<dt class='gallery-icon landscape'>\n\t\t\t\t<a href='https:\/\/nobl.cz\/kancelarsky-nabytek\/wp-content\/uploads\/2018\/02\/zamky_sklo.jpg'><img loading=\"lazy\" decoding=\"async\" width=\"340\" height=\"340\" src=\"https:\/\/nobl.cz\/kancelarsky-nabytek\/wp-content\/uploads\/2018\/02\/zamky_sklo.jpg\" class=\"attachment-thumbnail size-thumbnail\" alt=\"\" srcset=\"https:\/\/nobl.cz\/kancelarsky-nabytek\/wp-content\/uploads\/2018\/02\/zamky_sklo.jpg 425w, https:\/\/nobl.cz\/kancelarsky-nabytek\/wp-content\/uploads\/2018\/02\/zamky_sklo-100x100.jpg 100w\" sizes=\"(max-width: 340px) 100vw, 340px\" \/><\/a>\n\t\t\t<\/dt><\/dl><dl class='gallery-item'>\n\t\t\t<dt class='gallery-icon landscape'>\n\t\t\t\t<a href='https:\/\/nobl.cz\/kancelarsky-nabytek\/wp-content\/uploads\/2018\/02\/zamek-na-vrtane-sklo-amstrong-410-2-dvoukridlo-cr.jpg'><img loading=\"lazy\" decoding=\"async\" width=\"340\" height=\"340\" src=\"https:\/\/nobl.cz\/kancelarsky-nabytek\/wp-content\/uploads\/2018\/02\/zamek-na-vrtane-sklo-amstrong-410-2-dvoukridlo-cr.jpg\" class=\"attachment-thumbnail size-thumbnail\" alt=\"\" srcset=\"https:\/\/nobl.cz\/kancelarsky-nabytek\/wp-content\/uploads\/2018\/02\/zamek-na-vrtane-sklo-amstrong-410-2-dvoukridlo-cr.jpg 425w, https:\/\/nobl.cz\/kancelarsky-nabytek\/wp-content\/uploads\/2018\/02\/zamek-na-vrtane-sklo-amstrong-410-2-dvoukridlo-cr-100x100.jpg 100w\" sizes=\"(max-width: 340px) 100vw, 340px\" \/><\/a>\n\t\t\t<\/dt><\/dl><dl class='gallery-item'>\n\t\t\t<dt class='gallery-icon landscape'>\n\t\t\t\t<a href='https:\/\/nobl.cz\/kancelarsky-nabytek\/wp-content\/uploads\/2018\/02\/staz\u030ceny\u0301-soubor-5.jpeg'><img loading=\"lazy\" decoding=\"async\" width=\"340\" height=\"255\" src=\"https:\/\/nobl.cz\/kancelarsky-nabytek\/wp-content\/uploads\/2018\/02\/staz\u030ceny\u0301-soubor-5.jpeg\" class=\"attachment-thumbnail size-thumbnail\" alt=\"\" srcset=\"https:\/\/nobl.cz\/kancelarsky-nabytek\/wp-content\/uploads\/2018\/02\/staz\u030ceny\u0301-soubor-5.jpeg 1632w, https:\/\/nobl.cz\/kancelarsky-nabytek\/wp-content\/uploads\/2018\/02\/staz\u030ceny\u0301-soubor-5-510x383.jpeg 510w\" sizes=\"(max-width: 340px) 100vw, 340px\" \/><\/a>\n\t\t\t<\/dt><\/dl><dl class='gallery-item'>\n\t\t\t<dt class='gallery-icon landscape'>\n\t\t\t\t<a href='https:\/\/nobl.cz\/kancelarsky-nabytek\/wp-content\/uploads\/2018\/02\/IMG_6064.jpg'><img loading=\"lazy\" decoding=\"async\" width=\"340\" height=\"255\" src=\"https:\/\/nobl.cz\/kancelarsky-nabytek\/wp-content\/uploads\/2018\/02\/IMG_6064.jpg\" class=\"attachment-thumbnail size-thumbnail\" alt=\"\" srcset=\"https:\/\/nobl.cz\/kancelarsky-nabytek\/wp-content\/uploads\/2018\/02\/IMG_6064.jpg 1632w, https:\/\/nobl.cz\/kancelarsky-nabytek\/wp-content\/uploads\/2018\/02\/IMG_6064-510x383.jpg 510w\" sizes=\"(max-width: 340px) 100vw, 340px\" \/><\/a>\n\t\t\t<\/dt><\/dl><br style=\"clear: both\" \/><dl class='gallery-item'>\n\t\t\t<dt class='gallery-icon landscape'>\n\t\t\t\t<a href='https:\/\/nobl.cz\/kancelarsky-nabytek\/wp-content\/uploads\/2018\/02\/europe-2021308_1280.jpg'><img loading=\"lazy\" decoding=\"async\" width=\"340\" height=\"227\" src=\"https:\/\/nobl.cz\/kancelarsky-nabytek\/wp-content\/uploads\/2018\/02\/europe-2021308_1280.jpg\" class=\"attachment-thumbnail size-thumbnail\" alt=\"\" srcset=\"https:\/\/nobl.cz\/kancelarsky-nabytek\/wp-content\/uploads\/2018\/02\/europe-2021308_1280.jpg 1280w, https:\/\/nobl.cz\/kancelarsky-nabytek\/wp-content\/uploads\/2018\/02\/europe-2021308_1280-510x340.jpg 510w\" sizes=\"(max-width: 340px) 100vw, 340px\" \/><\/a>\n\t\t\t<\/dt><\/dl><dl class='gallery-item'>\n\t\t\t<dt class='gallery-icon landscape'>\n\t\t\t\t<a href='https:\/\/nobl.cz\/kancelarsky-nabytek\/wp-content\/uploads\/2018\/02\/b_COMBINATION-LOCK-Serrature-Meroni-197605-relb15add15.jpg'><img loading=\"lazy\" decoding=\"async\" width=\"340\" height=\"255\" src=\"https:\/\/nobl.cz\/kancelarsky-nabytek\/wp-content\/uploads\/2018\/02\/b_COMBINATION-LOCK-Serrature-Meroni-197605-relb15add15.jpg\" class=\"attachment-thumbnail size-thumbnail\" alt=\"\" srcset=\"https:\/\/nobl.cz\/kancelarsky-nabytek\/wp-content\/uploads\/2018\/02\/b_COMBINATION-LOCK-Serrature-Meroni-197605-relb15add15.jpg 840w, https:\/\/nobl.cz\/kancelarsky-nabytek\/wp-content\/uploads\/2018\/02\/b_COMBINATION-LOCK-Serrature-Meroni-197605-relb15add15-510x383.jpg 510w\" sizes=\"(max-width: 340px) 100vw, 340px\" \/><\/a>\n\t\t\t<\/dt><\/dl><dl class='gallery-item'>\n\t\t\t<dt class='gallery-icon landscape'>\n\t\t\t\t<a href='https:\/\/nobl.cz\/kancelarsky-nabytek\/wp-content\/uploads\/2018\/02\/202743_2_0.jpg'><img loading=\"lazy\" decoding=\"async\" width=\"340\" height=\"340\" src=\"https:\/\/nobl.cz\/kancelarsky-nabytek\/wp-content\/uploads\/2018\/02\/202743_2_0.jpg\" class=\"attachment-thumbnail size-thumbnail\" alt=\"\" srcset=\"https:\/\/nobl.cz\/kancelarsky-nabytek\/wp-content\/uploads\/2018\/02\/202743_2_0.jpg 350w, https:\/\/nobl.cz\/kancelarsky-nabytek\/wp-content\/uploads\/2018\/02\/202743_2_0-100x100.jpg 100w\" sizes=\"(max-width: 340px) 100vw, 340px\" \/><\/a>\n\t\t\t<\/dt><\/dl><dl class='gallery-item'>\n\t\t\t<dt class='gallery-icon landscape'>\n\t\t\t\t<a href='https:\/\/nobl.cz\/kancelarsky-nabytek\/wp-content\/uploads\/2018\/02\/zamek_registracka-500x500.jpg'><img loading=\"lazy\" decoding=\"async\" width=\"340\" height=\"340\" src=\"https:\/\/nobl.cz\/kancelarsky-nabytek\/wp-content\/uploads\/2018\/02\/zamek_registracka-500x500.jpg\" class=\"attachment-thumbnail size-thumbnail\" alt=\"\" srcset=\"https:\/\/nobl.cz\/kancelarsky-nabytek\/wp-content\/uploads\/2018\/02\/zamek_registracka-500x500.jpg 500w, https:\/\/nobl.cz\/kancelarsky-nabytek\/wp-content\/uploads\/2018\/02\/zamek_registracka-500x500-100x100.jpg 100w\" sizes=\"(max-width: 340px) 100vw, 340px\" \/><\/a>\n\t\t\t<\/dt><\/dl><br style=\"clear: both\" \/>\n\t\t<\/div>\n\n","protected":false},"excerpt":{"rendered":"<p>V\u00edte, \u017ee nov\u00e9 povinnosti vypl\u00fdvaj\u00edc\u00ed z na\u0159\u00edzen\u00ed GDPR zvy\u0161uj\u00ed n\u00e1roky na zabezpe\u010den\u00ed dokument\u016f ulo\u017een\u00fdch ve va\u0161ich kancel\u00e1\u0159\u00edch? M\u00e1te je ji\u017e nyn\u00ed dostate\u010dn\u011b zabezpe\u010den\u00e9?\u00a0Nechceme V\u00e1m jen radit, jak se m\u00e1te p\u0159ipravit na p\u0159\u00edsn\u011bj\u0161\u00ed zach\u00e1zen\u00ed s osobn\u00edmi daty Va\u0161ich partner\u016f. Nab\u00edz\u00edme V\u00e1m ale, jak se na to m\u016f\u017ee p\u0159ipravit V\u00e1\u0161 n\u00e1bytek! P\u0159ijedeme na kontrolu v\u0161ech Va\u0161ich n\u00e1bytkov\u00fdch [&hellip;]\n","protected":false},"author":2,"featured_media":7659,"comment_status":"closed","ping_status":"open","sticky":false,"template":"","format":"standard","meta":{"footnotes":""},"categories":[148],"tags":[],"yoast_head":"<!-- This site is optimized with the Yoast SEO plugin v17.9 - https:\/\/yoast.com\/wordpress\/plugins\/seo\/ -->\n<title>P\u0159ipraveni na GDPR? A v\u00e1\u0161 kancel\u00e1\u0159sk\u00fd n\u00e1bytek? - NO+BL kancel\u00e1\u0159sk\u00fd n\u00e1bytek a kancel\u00e1\u0159sk\u00e9 \u017eidle Praha<\/title>\n<meta name=\"robots\" content=\"index, follow, max-snippet:-1, max-image-preview:large, max-video-preview:-1\" \/>\n<link rel=\"canonical\" href=\"https:\/\/nobl.cz\/kancelarsky-nabytek\/pripraveni-gdpr-vas-kancelarsky-nabytek\/\" \/>\n<meta property=\"og:locale\" content=\"cs_CZ\" \/>\n<meta property=\"og:type\" content=\"article\" \/>\n<meta property=\"og:title\" content=\"P\u0159ipraveni na GDPR? A v\u00e1\u0161 kancel\u00e1\u0159sk\u00fd n\u00e1bytek? - NO+BL kancel\u00e1\u0159sk\u00fd n\u00e1bytek a kancel\u00e1\u0159sk\u00e9 \u017eidle Praha\" \/>\n<meta property=\"og:description\" content=\"V\u00edte, \u017ee nov\u00e9 povinnosti vypl\u00fdvaj\u00edc\u00ed z na\u0159\u00edzen\u00ed GDPR zvy\u0161uj\u00ed n\u00e1roky na zabezpe\u010den\u00ed dokument\u016f ulo\u017een\u00fdch ve va\u0161ich kancel\u00e1\u0159\u00edch? M\u00e1te je ji\u017e nyn\u00ed dostate\u010dn\u011b zabezpe\u010den\u00e9?\u00a0Nechceme V\u00e1m jen radit, jak se m\u00e1te p\u0159ipravit na p\u0159\u00edsn\u011bj\u0161\u00ed zach\u00e1zen\u00ed s osobn\u00edmi daty Va\u0161ich partner\u016f. Nab\u00edz\u00edme V\u00e1m ale, jak se na to m\u016f\u017ee p\u0159ipravit V\u00e1\u0161 n\u00e1bytek! P\u0159ijedeme na kontrolu v\u0161ech Va\u0161ich n\u00e1bytkov\u00fdch [&hellip;]\" \/>\n<meta property=\"og:url\" content=\"https:\/\/nobl.cz\/kancelarsky-nabytek\/pripraveni-gdpr-vas-kancelarsky-nabytek\/\" \/>\n<meta property=\"og:site_name\" content=\"NO+BL kancel\u00e1\u0159sk\u00fd n\u00e1bytek a kancel\u00e1\u0159sk\u00e9 \u017eidle Praha\" \/>\n<meta property=\"article:published_time\" content=\"2018-02-07T08:58:29+00:00\" \/>\n<meta property=\"article:modified_time\" content=\"2018-06-27T12:00:44+00:00\" \/>\n<meta property=\"og:image\" content=\"https:\/\/nobl.cz\/kancelarsky-nabytek\/wp-content\/uploads\/2018\/02\/binding-contract-948442_1280-e1517994677886.jpg\" \/>\n\t<meta property=\"og:image:width\" content=\"1024\" \/>\n\t<meta property=\"og:image:height\" content=\"853\" \/>\n\t<meta property=\"og:image:type\" content=\"image\/jpeg\" \/>\n<meta name=\"twitter:card\" content=\"summary\" \/>\n<meta name=\"twitter:label1\" content=\"Napsal(a)\" \/>\n\t<meta name=\"twitter:data1\" content=\"Michal\" \/>\n\t<meta name=\"twitter:label2\" content=\"Odhadovan\u00e1 doba \u010dten\u00ed\" \/>\n\t<meta name=\"twitter:data2\" content=\"1 minuta\" \/>\n<script type=\"application\/ld+json\" class=\"yoast-schema-graph\">{\"@context\":\"https:\/\/schema.org\",\"@graph\":[{\"@type\":\"WebSite\",\"@id\":\"https:\/\/nobl.cz\/kancelarsky-nabytek\/#website\",\"url\":\"https:\/\/nobl.cz\/kancelarsky-nabytek\/\",\"name\":\"NO+BL kancel\\u00e1\\u0159sk\\u00fd n\\u00e1bytek a kancel\\u00e1\\u0159sk\\u00e9 \\u017eidle Praha\",\"description\":\"V\\u00e1\\u0161 prodejce kancel\\u00e1\\u0159sk\\u00e9ho n\\u00e1bytku a kancel\\u00e1\\u0159sk\\u00fdch k\\u0159esel v Praze s tradic\\u00ed ji\\u017e v\\u00edce jak 33 let. Nab\\u00edz\\u00edme tak\\u00e9 opravy kancel\\u00e1\\u0159sk\\u00fdch \\u017eidl\\u00ed.\",\"potentialAction\":[{\"@type\":\"SearchAction\",\"target\":{\"@type\":\"EntryPoint\",\"urlTemplate\":\"https:\/\/nobl.cz\/kancelarsky-nabytek\/?s={search_term_string}\"},\"query-input\":\"required name=search_term_string\"}],\"inLanguage\":\"cs\"},{\"@type\":\"ImageObject\",\"@id\":\"https:\/\/nobl.cz\/kancelarsky-nabytek\/pripraveni-gdpr-vas-kancelarsky-nabytek\/#primaryimage\",\"inLanguage\":\"cs\",\"url\":\"https:\/\/nobl.cz\/kancelarsky-nabytek\/wp-content\/uploads\/2018\/02\/binding-contract-948442_1280-e1517994677886.jpg\",\"contentUrl\":\"https:\/\/nobl.cz\/kancelarsky-nabytek\/wp-content\/uploads\/2018\/02\/binding-contract-948442_1280-e1517994677886.jpg\",\"width\":\"1024\",\"height\":\"853\"},{\"@type\":\"WebPage\",\"@id\":\"https:\/\/nobl.cz\/kancelarsky-nabytek\/pripraveni-gdpr-vas-kancelarsky-nabytek\/#webpage\",\"url\":\"https:\/\/nobl.cz\/kancelarsky-nabytek\/pripraveni-gdpr-vas-kancelarsky-nabytek\/\",\"name\":\"P\\u0159ipraveni na GDPR? A v\\u00e1\\u0161 kancel\\u00e1\\u0159sk\\u00fd n\\u00e1bytek? - NO+BL kancel\\u00e1\\u0159sk\\u00fd n\\u00e1bytek a kancel\\u00e1\\u0159sk\\u00e9 \\u017eidle Praha\",\"isPartOf\":{\"@id\":\"https:\/\/nobl.cz\/kancelarsky-nabytek\/#website\"},\"primaryImageOfPage\":{\"@id\":\"https:\/\/nobl.cz\/kancelarsky-nabytek\/pripraveni-gdpr-vas-kancelarsky-nabytek\/#primaryimage\"},\"datePublished\":\"2018-02-07T08:58:29+00:00\",\"dateModified\":\"2018-06-27T12:00:44+00:00\",\"author\":{\"@id\":\"https:\/\/nobl.cz\/kancelarsky-nabytek\/#\/schema\/person\/f8c868bc80c683aef8e39abb65db150c\"},\"breadcrumb\":{\"@id\":\"https:\/\/nobl.cz\/kancelarsky-nabytek\/pripraveni-gdpr-vas-kancelarsky-nabytek\/#breadcrumb\"},\"inLanguage\":\"cs\",\"potentialAction\":[{\"@type\":\"ReadAction\",\"target\":[\"https:\/\/nobl.cz\/kancelarsky-nabytek\/pripraveni-gdpr-vas-kancelarsky-nabytek\/\"]}]},{\"@type\":\"BreadcrumbList\",\"@id\":\"https:\/\/nobl.cz\/kancelarsky-nabytek\/pripraveni-gdpr-vas-kancelarsky-nabytek\/#breadcrumb\",\"itemListElement\":[{\"@type\":\"ListItem\",\"position\":1,\"name\":\"Dom\\u016f\",\"item\":\"https:\/\/nobl.cz\/kancelarsky-nabytek\/\"},{\"@type\":\"ListItem\",\"position\":2,\"name\":\"P\\u0159ipraveni na GDPR? A v\\u00e1\\u0161 kancel\\u00e1\\u0159sk\\u00fd n\\u00e1bytek?\"}]},{\"@type\":\"Person\",\"@id\":\"https:\/\/nobl.cz\/kancelarsky-nabytek\/#\/schema\/person\/f8c868bc80c683aef8e39abb65db150c\",\"name\":\"Michal\",\"image\":{\"@type\":\"ImageObject\",\"@id\":\"https:\/\/nobl.cz\/kancelarsky-nabytek\/#personlogo\",\"inLanguage\":\"cs\",\"url\":\"https:\/\/secure.gravatar.com\/avatar\/455259c7f450215ed2848d8d80f5ea58?s=96&d=mm&r=g\",\"contentUrl\":\"https:\/\/secure.gravatar.com\/avatar\/455259c7f450215ed2848d8d80f5ea58?s=96&d=mm&r=g\",\"caption\":\"Michal\"},\"url\":\"https:\/\/nobl.cz\/kancelarsky-nabytek\/author\/mjedon\/\"}]}<\/script>\n<!-- \/ Yoast SEO plugin. -->","yoast_head_json":{"title":"P\u0159ipraveni na GDPR? A v\u00e1\u0161 kancel\u00e1\u0159sk\u00fd n\u00e1bytek? - NO+BL kancel\u00e1\u0159sk\u00fd n\u00e1bytek a kancel\u00e1\u0159sk\u00e9 \u017eidle Praha","robots":{"index":"index","follow":"follow","max-snippet":"max-snippet:-1","max-image-preview":"max-image-preview:large","max-video-preview":"max-video-preview:-1"},"canonical":"https:\/\/nobl.cz\/kancelarsky-nabytek\/pripraveni-gdpr-vas-kancelarsky-nabytek\/","og_locale":"cs_CZ","og_type":"article","og_title":"P\u0159ipraveni na GDPR? A v\u00e1\u0161 kancel\u00e1\u0159sk\u00fd n\u00e1bytek? - NO+BL kancel\u00e1\u0159sk\u00fd n\u00e1bytek a kancel\u00e1\u0159sk\u00e9 \u017eidle Praha","og_description":"V\u00edte, \u017ee nov\u00e9 povinnosti vypl\u00fdvaj\u00edc\u00ed z na\u0159\u00edzen\u00ed GDPR zvy\u0161uj\u00ed n\u00e1roky na zabezpe\u010den\u00ed dokument\u016f ulo\u017een\u00fdch ve va\u0161ich kancel\u00e1\u0159\u00edch? M\u00e1te je ji\u017e nyn\u00ed dostate\u010dn\u011b zabezpe\u010den\u00e9?\u00a0Nechceme V\u00e1m jen radit, jak se m\u00e1te p\u0159ipravit na p\u0159\u00edsn\u011bj\u0161\u00ed zach\u00e1zen\u00ed s osobn\u00edmi daty Va\u0161ich partner\u016f. Nab\u00edz\u00edme V\u00e1m ale, jak se na to m\u016f\u017ee p\u0159ipravit V\u00e1\u0161 n\u00e1bytek! P\u0159ijedeme na kontrolu v\u0161ech Va\u0161ich n\u00e1bytkov\u00fdch [&hellip;]","og_url":"https:\/\/nobl.cz\/kancelarsky-nabytek\/pripraveni-gdpr-vas-kancelarsky-nabytek\/","og_site_name":"NO+BL kancel\u00e1\u0159sk\u00fd n\u00e1bytek a kancel\u00e1\u0159sk\u00e9 \u017eidle Praha","article_published_time":"2018-02-07T08:58:29+00:00","article_modified_time":"2018-06-27T12:00:44+00:00","og_image":[{"width":"1024","height":"853","url":"https:\/\/nobl.cz\/kancelarsky-nabytek\/wp-content\/uploads\/2018\/02\/binding-contract-948442_1280-e1517994677886.jpg","type":"image\/jpeg"}],"twitter_card":"summary","twitter_misc":{"Napsal(a)":"Michal","Odhadovan\u00e1 doba \u010dten\u00ed":"1 minuta"},"schema":{"@context":"https:\/\/schema.org","@graph":[{"@type":"WebSite","@id":"https:\/\/nobl.cz\/kancelarsky-nabytek\/#website","url":"https:\/\/nobl.cz\/kancelarsky-nabytek\/","name":"NO+BL kancel\u00e1\u0159sk\u00fd n\u00e1bytek a kancel\u00e1\u0159sk\u00e9 \u017eidle Praha","description":"V\u00e1\u0161 prodejce kancel\u00e1\u0159sk\u00e9ho n\u00e1bytku a kancel\u00e1\u0159sk\u00fdch k\u0159esel v Praze s tradic\u00ed ji\u017e v\u00edce jak 33 let. Nab\u00edz\u00edme tak\u00e9 opravy kancel\u00e1\u0159sk\u00fdch \u017eidl\u00ed.","potentialAction":[{"@type":"SearchAction","target":{"@type":"EntryPoint","urlTemplate":"https:\/\/nobl.cz\/kancelarsky-nabytek\/?s={search_term_string}"},"query-input":"required name=search_term_string"}],"inLanguage":"cs"},{"@type":"ImageObject","@id":"https:\/\/nobl.cz\/kancelarsky-nabytek\/pripraveni-gdpr-vas-kancelarsky-nabytek\/#primaryimage","inLanguage":"cs","url":"https:\/\/nobl.cz\/kancelarsky-nabytek\/wp-content\/uploads\/2018\/02\/binding-contract-948442_1280-e1517994677886.jpg","contentUrl":"https:\/\/nobl.cz\/kancelarsky-nabytek\/wp-content\/uploads\/2018\/02\/binding-contract-948442_1280-e1517994677886.jpg","width":"1024","height":"853"},{"@type":"WebPage","@id":"https:\/\/nobl.cz\/kancelarsky-nabytek\/pripraveni-gdpr-vas-kancelarsky-nabytek\/#webpage","url":"https:\/\/nobl.cz\/kancelarsky-nabytek\/pripraveni-gdpr-vas-kancelarsky-nabytek\/","name":"P\u0159ipraveni na GDPR? A v\u00e1\u0161 kancel\u00e1\u0159sk\u00fd n\u00e1bytek? - NO+BL kancel\u00e1\u0159sk\u00fd n\u00e1bytek a kancel\u00e1\u0159sk\u00e9 \u017eidle Praha","isPartOf":{"@id":"https:\/\/nobl.cz\/kancelarsky-nabytek\/#website"},"primaryImageOfPage":{"@id":"https:\/\/nobl.cz\/kancelarsky-nabytek\/pripraveni-gdpr-vas-kancelarsky-nabytek\/#primaryimage"},"datePublished":"2018-02-07T08:58:29+00:00","dateModified":"2018-06-27T12:00:44+00:00","author":{"@id":"https:\/\/nobl.cz\/kancelarsky-nabytek\/#\/schema\/person\/f8c868bc80c683aef8e39abb65db150c"},"breadcrumb":{"@id":"https:\/\/nobl.cz\/kancelarsky-nabytek\/pripraveni-gdpr-vas-kancelarsky-nabytek\/#breadcrumb"},"inLanguage":"cs","potentialAction":[{"@type":"ReadAction","target":["https:\/\/nobl.cz\/kancelarsky-nabytek\/pripraveni-gdpr-vas-kancelarsky-nabytek\/"]}]},{"@type":"BreadcrumbList","@id":"https:\/\/nobl.cz\/kancelarsky-nabytek\/pripraveni-gdpr-vas-kancelarsky-nabytek\/#breadcrumb","itemListElement":[{"@type":"ListItem","position":1,"name":"Dom\u016f","item":"https:\/\/nobl.cz\/kancelarsky-nabytek\/"},{"@type":"ListItem","position":2,"name":"P\u0159ipraveni na GDPR? A v\u00e1\u0161 kancel\u00e1\u0159sk\u00fd n\u00e1bytek?"}]},{"@type":"Person","@id":"https:\/\/nobl.cz\/kancelarsky-nabytek\/#\/schema\/person\/f8c868bc80c683aef8e39abb65db150c","name":"Michal","image":{"@type":"ImageObject","@id":"https:\/\/nobl.cz\/kancelarsky-nabytek\/#personlogo","inLanguage":"cs","url":"https:\/\/secure.gravatar.com\/avatar\/455259c7f450215ed2848d8d80f5ea58?s=96&d=mm&r=g","contentUrl":"https:\/\/secure.gravatar.com\/avatar\/455259c7f450215ed2848d8d80f5ea58?s=96&d=mm&r=g","caption":"Michal"},"url":"https:\/\/nobl.cz\/kancelarsky-nabytek\/author\/mjedon\/"}]}},"_links":{"self":[{"href":"https:\/\/nobl.cz\/kancelarsky-nabytek\/wp-json\/wp\/v2\/posts\/7658"}],"collection":[{"href":"https:\/\/nobl.cz\/kancelarsky-nabytek\/wp-json\/wp\/v2\/posts"}],"about":[{"href":"https:\/\/nobl.cz\/kancelarsky-nabytek\/wp-json\/wp\/v2\/types\/post"}],"author":[{"embeddable":true,"href":"https:\/\/nobl.cz\/kancelarsky-nabytek\/wp-json\/wp\/v2\/users\/2"}],"replies":[{"embeddable":true,"href":"https:\/\/nobl.cz\/kancelarsky-nabytek\/wp-json\/wp\/v2\/comments?post=7658"}],"version-history":[{"count":14,"href":"https:\/\/nobl.cz\/kancelarsky-nabytek\/wp-json\/wp\/v2\/posts\/7658\/revisions"}],"predecessor-version":[{"id":7943,"href":"https:\/\/nobl.cz\/kancelarsky-nabytek\/wp-json\/wp\/v2\/posts\/7658\/revisions\/7943"}],"wp:featuredmedia":[{"embeddable":true,"href":"https:\/\/nobl.cz\/kancelarsky-nabytek\/wp-json\/wp\/v2\/media\/7659"}],"wp:attachment":[{"href":"https:\/\/nobl.cz\/kancelarsky-nabytek\/wp-json\/wp\/v2\/media?parent=7658"}],"wp:term":[{"taxonomy":"category","embeddable":true,"href":"https:\/\/nobl.cz\/kancelarsky-nabytek\/wp-json\/wp\/v2\/categories?post=7658"},{"taxonomy":"post_tag","embeddable":true,"href":"https:\/\/nobl.cz\/kancelarsky-nabytek\/wp-json\/wp\/v2\/tags?post=7658"}],"curies":[{"name":"wp","href":"https:\/\/api.w.org\/{rel}","templated":true}]}}