{"id":7692,"date":"2018-02-20T13:36:42","date_gmt":"2018-02-20T12:36:42","guid":{"rendered":"http:\/\/nobl.cz\/kancelarsky-nabytek\/?p=7692"},"modified":"2018-02-28T18:08:07","modified_gmt":"2018-02-28T17:08:07","slug":"vyskove-nastavitelne-stoly-novy-trend-ergonometrii-kancelare","status":"publish","type":"post","link":"https:\/\/nobl.cz\/kancelarsky-nabytek\/vyskove-nastavitelne-stoly-novy-trend-ergonometrii-kancelare\/","title":{"rendered":"V\u00fd\u0161kov\u011b nastaviteln\u00e9 stoly &#8211; Nov\u00fd trend v ergonometrii modern\u00ed kancel\u00e1\u0159e \u010di pracovny"},"content":{"rendered":"<p style=\"text-align: justify;\">Chcete, aby se Va\u0161i zam\u011bstnanci v dosavadn\u00edch firemn\u00edch prostor\u00e1ch c\u00edtili op\u011bt spokojen\u00ed a jejich produktivita odpov\u00eddala Va\u0161im p\u0159edstav\u00e1m? Zamyslete se nad v\u00fdm\u011bnou pevn\u00fdch pracovn\u00edch stol\u016f za v\u00fd\u0161kov\u00e9 nastaviteln\u00e9.<\/p>\n<p style=\"text-align: justify;\">P\u0159i dlouh\u00e9m a strnul\u00e9m sezen\u00ed je extr\u00e9mn\u011b zat\u011b\u017eov\u00e1na p\u00e1te\u0159 a loketn\u00ed klouby. Z t\u011bchto jednostrann\u00fdch zat\u00ed\u017een\u00ed vznikaj\u00ed r\u016fzn\u00e9 fyzick\u00e9 i psychick\u00e9 pot\u00ed\u017ee. P\u0159itom sta\u010d\u00ed b\u011bhem dne m\u011bnit polohu p\u0159i pr\u00e1ci ze sed\u00edc\u00ed na stoj\u00edc\u00ed. Toto umo\u017e\u0148uje nov\u00fd trend ve vybavov\u00e1n\u00ed kancel\u00e1\u0159\u00ed v\u00fd\u0161kov\u011b nastaviteln\u00fdmi stoly.<\/p>\n<p style=\"text-align: justify;\">Na p\u0159ilo\u017een\u00fdch sn\u00edmc\u00edch je dob\u0159e vid\u011bt rozd\u00edl v pot\u0159eb\u00e1ch osob r\u016fzn\u00e9 v\u00fd\u0161ky. Obra\u0165te se na n\u00e1s. R\u00e1di V\u00e1m zap\u016fj\u010d\u00edme jeden vzorek stolu na odzkou\u0161en\u00ed a v\u011b\u0159te, budete Vy i Va\u0161i zam\u011bstnanci p\u0159\u00edjemn\u011b p\u0159ekvapeni\u2026<\/p>\n<p><em>Dotazy sm\u011b\u0159ujte na <strong>obchod@nobl.cz<\/strong><\/em><\/p>\n<p>&gt;&gt;&gt; <a href=\"http:\/\/nobl.cz\/kancelarsky-nabytek\/wp-content\/uploads\/2018\/02\/Cenik-NOBL-dynamic.pdf\" target=\"_blank\" rel=\"noopener\">Orienta\u010dn\u00ed cen\u00edk v\u00fd\u0161kov\u011b nastaviteln\u00fdch stol\u016f v PDF<\/a><\/p>\n<p style=\"text-align: justify;\"><b>Cena za zvedac\u00ed st\u016fl s pam\u011bt\u00ed nen\u00ed ani polovina pr\u016fm\u011brn\u00e9 m\u011bs\u00ed\u010dn\u00ed mzdy. <\/b><br \/>\n<b>Tak m\u00e1lo stoj\u00ed lep\u0161\u00ed zdrav\u00ed i spokojenost V\u00e1s \u010di Va\u0161eho zam\u011bstnance!<\/b><\/p>\n\n\t\t<style type=\"text\/css\">\n\t\t\t#gallery-1 {\n\t\t\t\tmargin: auto;\n\t\t\t}\n\t\t\t#gallery-1 .gallery-item {\n\t\t\t\tfloat: left;\n\t\t\t\tmargin-top: 10px;\n\t\t\t\ttext-align: center;\n\t\t\t\twidth: 50%;\n\t\t\t}\n\t\t\t#gallery-1 img {\n\t\t\t\tborder: 2px solid #cfcfcf;\n\t\t\t}\n\t\t\t#gallery-1 .gallery-caption {\n\t\t\t\tmargin-left: 0;\n\t\t\t}\n\t\t\t\/* see gallery_shortcode() in wp-includes\/media.php *\/\n\t\t<\/style>\n\t\t<div id='gallery-1' class='gallery galleryid-7692 gallery-columns-2 gallery-size-thumbnail'><dl class='gallery-item'>\n\t\t\t<dt class='gallery-icon landscape'>\n\t\t\t\t<a href='https:\/\/nobl.cz\/kancelarsky-nabytek\/wp-content\/uploads\/2018\/02\/Ergo-W-Dynamic-L-dvojsegment.png'><img loading=\"lazy\" decoding=\"async\" width=\"340\" height=\"340\" src=\"https:\/\/nobl.cz\/kancelarsky-nabytek\/wp-content\/uploads\/2018\/02\/Ergo-W-Dynamic-L-dvojsegment.png\" class=\"attachment-thumbnail size-thumbnail\" alt=\"\" srcset=\"https:\/\/nobl.cz\/kancelarsky-nabytek\/wp-content\/uploads\/2018\/02\/Ergo-W-Dynamic-L-dvojsegment.png 2280w, https:\/\/nobl.cz\/kancelarsky-nabytek\/wp-content\/uploads\/2018\/02\/Ergo-W-Dynamic-L-dvojsegment-100x100.png 100w, https:\/\/nobl.cz\/kancelarsky-nabytek\/wp-content\/uploads\/2018\/02\/Ergo-W-Dynamic-L-dvojsegment-510x510.png 510w\" sizes=\"(max-width: 340px) 100vw, 340px\" \/><\/a>\n\t\t\t<\/dt><\/dl><dl class='gallery-item'>\n\t\t\t<dt class='gallery-icon landscape'>\n\t\t\t\t<a href='https:\/\/nobl.cz\/kancelarsky-nabytek\/wp-content\/uploads\/2018\/02\/Ergo-W-Dynamic-XL-trojsegment.png'><img loading=\"lazy\" decoding=\"async\" width=\"340\" height=\"340\" src=\"https:\/\/nobl.cz\/kancelarsky-nabytek\/wp-content\/uploads\/2018\/02\/Ergo-W-Dynamic-XL-trojsegment.png\" class=\"attachment-thumbnail size-thumbnail\" alt=\"\" srcset=\"https:\/\/nobl.cz\/kancelarsky-nabytek\/wp-content\/uploads\/2018\/02\/Ergo-W-Dynamic-XL-trojsegment.png 2280w, https:\/\/nobl.cz\/kancelarsky-nabytek\/wp-content\/uploads\/2018\/02\/Ergo-W-Dynamic-XL-trojsegment-100x100.png 100w, https:\/\/nobl.cz\/kancelarsky-nabytek\/wp-content\/uploads\/2018\/02\/Ergo-W-Dynamic-XL-trojsegment-510x510.png 510w\" sizes=\"(max-width: 340px) 100vw, 340px\" \/><\/a>\n\t\t\t<\/dt><\/dl><br style=\"clear: both\" \/>\n\t\t<\/div>\n\n<p>(P\u0159ipravujeme kompletn\u00ed fotodokumentaci, nyn\u00ed si m\u016f\u017eete prohl\u00e9dnout prvn\u00ed momentky.)<\/p>\n\n\t\t<style type=\"text\/css\">\n\t\t\t#gallery-2 {\n\t\t\t\tmargin: auto;\n\t\t\t}\n\t\t\t#gallery-2 .gallery-item {\n\t\t\t\tfloat: left;\n\t\t\t\tmargin-top: 10px;\n\t\t\t\ttext-align: center;\n\t\t\t\twidth: 25%;\n\t\t\t}\n\t\t\t#gallery-2 img {\n\t\t\t\tborder: 2px solid #cfcfcf;\n\t\t\t}\n\t\t\t#gallery-2 .gallery-caption {\n\t\t\t\tmargin-left: 0;\n\t\t\t}\n\t\t\t\/* see gallery_shortcode() in wp-includes\/media.php *\/\n\t\t<\/style>\n\t\t<div id='gallery-2' class='gallery galleryid-7692 gallery-columns-4 gallery-size-thumbnail'><dl class='gallery-item'>\n\t\t\t<dt class='gallery-icon landscape'>\n\t\t\t\t<a href='https:\/\/nobl.cz\/kancelarsky-nabytek\/wp-content\/uploads\/2018\/02\/oba-sedi.jpg'><img loading=\"lazy\" decoding=\"async\" width=\"340\" height=\"255\" src=\"https:\/\/nobl.cz\/kancelarsky-nabytek\/wp-content\/uploads\/2018\/02\/oba-sedi.jpg\" class=\"attachment-thumbnail size-thumbnail\" alt=\"\" srcset=\"https:\/\/nobl.cz\/kancelarsky-nabytek\/wp-content\/uploads\/2018\/02\/oba-sedi.jpg 2024w, https:\/\/nobl.cz\/kancelarsky-nabytek\/wp-content\/uploads\/2018\/02\/oba-sedi-510x383.jpg 510w\" sizes=\"(max-width: 340px) 100vw, 340px\" \/><\/a>\n\t\t\t<\/dt><\/dl><dl class='gallery-item'>\n\t\t\t<dt class='gallery-icon landscape'>\n\t\t\t\t<a href='https:\/\/nobl.cz\/kancelarsky-nabytek\/wp-content\/uploads\/2018\/02\/oba-stoji.jpg'><img loading=\"lazy\" decoding=\"async\" width=\"340\" height=\"255\" src=\"https:\/\/nobl.cz\/kancelarsky-nabytek\/wp-content\/uploads\/2018\/02\/oba-stoji.jpg\" class=\"attachment-thumbnail size-thumbnail\" alt=\"\" srcset=\"https:\/\/nobl.cz\/kancelarsky-nabytek\/wp-content\/uploads\/2018\/02\/oba-stoji.jpg 2024w, https:\/\/nobl.cz\/kancelarsky-nabytek\/wp-content\/uploads\/2018\/02\/oba-stoji-510x383.jpg 510w\" sizes=\"(max-width: 340px) 100vw, 340px\" \/><\/a>\n\t\t\t<\/dt><\/dl><dl class='gallery-item'>\n\t\t\t<dt class='gallery-icon landscape'>\n\t\t\t\t<a href='https:\/\/nobl.cz\/kancelarsky-nabytek\/wp-content\/uploads\/2018\/02\/on-stoji.jpg'><img loading=\"lazy\" decoding=\"async\" width=\"340\" height=\"255\" src=\"https:\/\/nobl.cz\/kancelarsky-nabytek\/wp-content\/uploads\/2018\/02\/on-stoji.jpg\" class=\"attachment-thumbnail size-thumbnail\" alt=\"\" srcset=\"https:\/\/nobl.cz\/kancelarsky-nabytek\/wp-content\/uploads\/2018\/02\/on-stoji.jpg 2024w, https:\/\/nobl.cz\/kancelarsky-nabytek\/wp-content\/uploads\/2018\/02\/on-stoji-510x383.jpg 510w\" sizes=\"(max-width: 340px) 100vw, 340px\" \/><\/a>\n\t\t\t<\/dt><\/dl><dl class='gallery-item'>\n\t\t\t<dt class='gallery-icon landscape'>\n\t\t\t\t<a href='https:\/\/nobl.cz\/kancelarsky-nabytek\/wp-content\/uploads\/2018\/02\/ona-stoji.jpg'><img loading=\"lazy\" decoding=\"async\" width=\"340\" height=\"255\" src=\"https:\/\/nobl.cz\/kancelarsky-nabytek\/wp-content\/uploads\/2018\/02\/ona-stoji.jpg\" class=\"attachment-thumbnail size-thumbnail\" alt=\"\" srcset=\"https:\/\/nobl.cz\/kancelarsky-nabytek\/wp-content\/uploads\/2018\/02\/ona-stoji.jpg 2024w, https:\/\/nobl.cz\/kancelarsky-nabytek\/wp-content\/uploads\/2018\/02\/ona-stoji-510x383.jpg 510w\" sizes=\"(max-width: 340px) 100vw, 340px\" \/><\/a>\n\t\t\t<\/dt><\/dl><br style=\"clear: both\" \/>\n\t\t<\/div>\n\n","protected":false},"excerpt":{"rendered":"<p>Chcete, aby se Va\u0161i zam\u011bstnanci v dosavadn\u00edch firemn\u00edch prostor\u00e1ch c\u00edtili op\u011bt spokojen\u00ed a jejich produktivita odpov\u00eddala Va\u0161im p\u0159edstav\u00e1m? Zamyslete se nad v\u00fdm\u011bnou pevn\u00fdch pracovn\u00edch stol\u016f za v\u00fd\u0161kov\u00e9 nastaviteln\u00e9. P\u0159i dlouh\u00e9m a strnul\u00e9m sezen\u00ed je extr\u00e9mn\u011b zat\u011b\u017eov\u00e1na p\u00e1te\u0159 a loketn\u00ed klouby. Z t\u011bchto jednostrann\u00fdch zat\u00ed\u017een\u00ed vznikaj\u00ed r\u016fzn\u00e9 fyzick\u00e9 i psychick\u00e9 pot\u00ed\u017ee. P\u0159itom sta\u010d\u00ed b\u011bhem dne m\u011bnit [&hellip;]\n","protected":false},"author":2,"featured_media":7700,"comment_status":"closed","ping_status":"open","sticky":false,"template":"","format":"standard","meta":{"footnotes":""},"categories":[148],"tags":[],"yoast_head":"<!-- This site is optimized with the Yoast SEO plugin v17.9 - https:\/\/yoast.com\/wordpress\/plugins\/seo\/ -->\n<title>V\u00fd\u0161kov\u011b nastaviteln\u00e9 stoly - Nov\u00fd trend v ergonometrii modern\u00ed kancel\u00e1\u0159e \u010di pracovny - NO+BL kancel\u00e1\u0159sk\u00fd n\u00e1bytek a kancel\u00e1\u0159sk\u00e9 \u017eidle Praha<\/title>\n<meta name=\"robots\" content=\"index, follow, max-snippet:-1, max-image-preview:large, max-video-preview:-1\" \/>\n<link rel=\"canonical\" href=\"https:\/\/nobl.cz\/kancelarsky-nabytek\/vyskove-nastavitelne-stoly-novy-trend-ergonometrii-kancelare\/\" \/>\n<meta property=\"og:locale\" content=\"cs_CZ\" \/>\n<meta property=\"og:type\" content=\"article\" \/>\n<meta property=\"og:title\" content=\"V\u00fd\u0161kov\u011b nastaviteln\u00e9 stoly - Nov\u00fd trend v ergonometrii modern\u00ed kancel\u00e1\u0159e \u010di pracovny - NO+BL kancel\u00e1\u0159sk\u00fd n\u00e1bytek a kancel\u00e1\u0159sk\u00e9 \u017eidle Praha\" \/>\n<meta property=\"og:description\" content=\"Chcete, aby se Va\u0161i zam\u011bstnanci v dosavadn\u00edch firemn\u00edch prostor\u00e1ch c\u00edtili op\u011bt spokojen\u00ed a jejich produktivita odpov\u00eddala Va\u0161im p\u0159edstav\u00e1m? Zamyslete se nad v\u00fdm\u011bnou pevn\u00fdch pracovn\u00edch stol\u016f za v\u00fd\u0161kov\u00e9 nastaviteln\u00e9. P\u0159i dlouh\u00e9m a strnul\u00e9m sezen\u00ed je extr\u00e9mn\u011b zat\u011b\u017eov\u00e1na p\u00e1te\u0159 a loketn\u00ed klouby. Z t\u011bchto jednostrann\u00fdch zat\u00ed\u017een\u00ed vznikaj\u00ed r\u016fzn\u00e9 fyzick\u00e9 i psychick\u00e9 pot\u00ed\u017ee. P\u0159itom sta\u010d\u00ed b\u011bhem dne m\u011bnit [&hellip;]\" \/>\n<meta property=\"og:url\" content=\"https:\/\/nobl.cz\/kancelarsky-nabytek\/vyskove-nastavitelne-stoly-novy-trend-ergonometrii-kancelare\/\" \/>\n<meta property=\"og:site_name\" content=\"NO+BL kancel\u00e1\u0159sk\u00fd n\u00e1bytek a kancel\u00e1\u0159sk\u00e9 \u017eidle Praha\" \/>\n<meta property=\"article:published_time\" content=\"2018-02-20T12:36:42+00:00\" \/>\n<meta property=\"article:modified_time\" content=\"2018-02-28T17:08:07+00:00\" \/>\n<meta property=\"og:image\" content=\"https:\/\/nobl.cz\/kancelarsky-nabytek\/wp-content\/uploads\/2018\/02\/Ergo-W-Dynamic-XL.png\" \/>\n\t<meta property=\"og:image:width\" content=\"1024\" \/>\n\t<meta property=\"og:image:height\" content=\"853\" \/>\n\t<meta property=\"og:image:type\" content=\"image\/png\" \/>\n<meta name=\"twitter:card\" content=\"summary\" \/>\n<meta name=\"twitter:label1\" content=\"Napsal(a)\" \/>\n\t<meta name=\"twitter:data1\" content=\"Michal\" \/>\n\t<meta name=\"twitter:label2\" content=\"Odhadovan\u00e1 doba \u010dten\u00ed\" \/>\n\t<meta name=\"twitter:data2\" content=\"1 minuta\" \/>\n<script type=\"application\/ld+json\" class=\"yoast-schema-graph\">{\"@context\":\"https:\/\/schema.org\",\"@graph\":[{\"@type\":\"WebSite\",\"@id\":\"https:\/\/nobl.cz\/kancelarsky-nabytek\/#website\",\"url\":\"https:\/\/nobl.cz\/kancelarsky-nabytek\/\",\"name\":\"NO+BL kancel\\u00e1\\u0159sk\\u00fd n\\u00e1bytek a kancel\\u00e1\\u0159sk\\u00e9 \\u017eidle Praha\",\"description\":\"V\\u00e1\\u0161 prodejce kancel\\u00e1\\u0159sk\\u00e9ho n\\u00e1bytku a kancel\\u00e1\\u0159sk\\u00fdch k\\u0159esel v Praze s tradic\\u00ed ji\\u017e v\\u00edce jak 33 let. Nab\\u00edz\\u00edme tak\\u00e9 opravy kancel\\u00e1\\u0159sk\\u00fdch \\u017eidl\\u00ed.\",\"potentialAction\":[{\"@type\":\"SearchAction\",\"target\":{\"@type\":\"EntryPoint\",\"urlTemplate\":\"https:\/\/nobl.cz\/kancelarsky-nabytek\/?s={search_term_string}\"},\"query-input\":\"required name=search_term_string\"}],\"inLanguage\":\"cs\"},{\"@type\":\"ImageObject\",\"@id\":\"https:\/\/nobl.cz\/kancelarsky-nabytek\/vyskove-nastavitelne-stoly-novy-trend-ergonometrii-kancelare\/#primaryimage\",\"inLanguage\":\"cs\",\"url\":\"https:\/\/nobl.cz\/kancelarsky-nabytek\/wp-content\/uploads\/2018\/02\/Ergo-W-Dynamic-XL.png\",\"contentUrl\":\"https:\/\/nobl.cz\/kancelarsky-nabytek\/wp-content\/uploads\/2018\/02\/Ergo-W-Dynamic-XL.png\",\"width\":\"1024\",\"height\":\"853\"},{\"@type\":\"WebPage\",\"@id\":\"https:\/\/nobl.cz\/kancelarsky-nabytek\/vyskove-nastavitelne-stoly-novy-trend-ergonometrii-kancelare\/#webpage\",\"url\":\"https:\/\/nobl.cz\/kancelarsky-nabytek\/vyskove-nastavitelne-stoly-novy-trend-ergonometrii-kancelare\/\",\"name\":\"V\\u00fd\\u0161kov\\u011b nastaviteln\\u00e9 stoly - Nov\\u00fd trend v ergonometrii modern\\u00ed kancel\\u00e1\\u0159e \\u010di pracovny - NO+BL kancel\\u00e1\\u0159sk\\u00fd n\\u00e1bytek a kancel\\u00e1\\u0159sk\\u00e9 \\u017eidle Praha\",\"isPartOf\":{\"@id\":\"https:\/\/nobl.cz\/kancelarsky-nabytek\/#website\"},\"primaryImageOfPage\":{\"@id\":\"https:\/\/nobl.cz\/kancelarsky-nabytek\/vyskove-nastavitelne-stoly-novy-trend-ergonometrii-kancelare\/#primaryimage\"},\"datePublished\":\"2018-02-20T12:36:42+00:00\",\"dateModified\":\"2018-02-28T17:08:07+00:00\",\"author\":{\"@id\":\"https:\/\/nobl.cz\/kancelarsky-nabytek\/#\/schema\/person\/f8c868bc80c683aef8e39abb65db150c\"},\"breadcrumb\":{\"@id\":\"https:\/\/nobl.cz\/kancelarsky-nabytek\/vyskove-nastavitelne-stoly-novy-trend-ergonometrii-kancelare\/#breadcrumb\"},\"inLanguage\":\"cs\",\"potentialAction\":[{\"@type\":\"ReadAction\",\"target\":[\"https:\/\/nobl.cz\/kancelarsky-nabytek\/vyskove-nastavitelne-stoly-novy-trend-ergonometrii-kancelare\/\"]}]},{\"@type\":\"BreadcrumbList\",\"@id\":\"https:\/\/nobl.cz\/kancelarsky-nabytek\/vyskove-nastavitelne-stoly-novy-trend-ergonometrii-kancelare\/#breadcrumb\",\"itemListElement\":[{\"@type\":\"ListItem\",\"position\":1,\"name\":\"Dom\\u016f\",\"item\":\"https:\/\/nobl.cz\/kancelarsky-nabytek\/\"},{\"@type\":\"ListItem\",\"position\":2,\"name\":\"V\\u00fd\\u0161kov\\u011b nastaviteln\\u00e9 stoly &#8211; Nov\\u00fd trend v ergonometrii modern\\u00ed kancel\\u00e1\\u0159e \\u010di pracovny\"}]},{\"@type\":\"Person\",\"@id\":\"https:\/\/nobl.cz\/kancelarsky-nabytek\/#\/schema\/person\/f8c868bc80c683aef8e39abb65db150c\",\"name\":\"Michal\",\"image\":{\"@type\":\"ImageObject\",\"@id\":\"https:\/\/nobl.cz\/kancelarsky-nabytek\/#personlogo\",\"inLanguage\":\"cs\",\"url\":\"https:\/\/secure.gravatar.com\/avatar\/455259c7f450215ed2848d8d80f5ea58?s=96&d=mm&r=g\",\"contentUrl\":\"https:\/\/secure.gravatar.com\/avatar\/455259c7f450215ed2848d8d80f5ea58?s=96&d=mm&r=g\",\"caption\":\"Michal\"},\"url\":\"https:\/\/nobl.cz\/kancelarsky-nabytek\/author\/mjedon\/\"}]}<\/script>\n<!-- \/ Yoast SEO plugin. -->","yoast_head_json":{"title":"V\u00fd\u0161kov\u011b nastaviteln\u00e9 stoly - Nov\u00fd trend v ergonometrii modern\u00ed kancel\u00e1\u0159e \u010di pracovny - NO+BL kancel\u00e1\u0159sk\u00fd n\u00e1bytek a kancel\u00e1\u0159sk\u00e9 \u017eidle Praha","robots":{"index":"index","follow":"follow","max-snippet":"max-snippet:-1","max-image-preview":"max-image-preview:large","max-video-preview":"max-video-preview:-1"},"canonical":"https:\/\/nobl.cz\/kancelarsky-nabytek\/vyskove-nastavitelne-stoly-novy-trend-ergonometrii-kancelare\/","og_locale":"cs_CZ","og_type":"article","og_title":"V\u00fd\u0161kov\u011b nastaviteln\u00e9 stoly - Nov\u00fd trend v ergonometrii modern\u00ed kancel\u00e1\u0159e \u010di pracovny - NO+BL kancel\u00e1\u0159sk\u00fd n\u00e1bytek a kancel\u00e1\u0159sk\u00e9 \u017eidle Praha","og_description":"Chcete, aby se Va\u0161i zam\u011bstnanci v dosavadn\u00edch firemn\u00edch prostor\u00e1ch c\u00edtili op\u011bt spokojen\u00ed a jejich produktivita odpov\u00eddala Va\u0161im p\u0159edstav\u00e1m? Zamyslete se nad v\u00fdm\u011bnou pevn\u00fdch pracovn\u00edch stol\u016f za v\u00fd\u0161kov\u00e9 nastaviteln\u00e9. P\u0159i dlouh\u00e9m a strnul\u00e9m sezen\u00ed je extr\u00e9mn\u011b zat\u011b\u017eov\u00e1na p\u00e1te\u0159 a loketn\u00ed klouby. Z t\u011bchto jednostrann\u00fdch zat\u00ed\u017een\u00ed vznikaj\u00ed r\u016fzn\u00e9 fyzick\u00e9 i psychick\u00e9 pot\u00ed\u017ee. P\u0159itom sta\u010d\u00ed b\u011bhem dne m\u011bnit [&hellip;]","og_url":"https:\/\/nobl.cz\/kancelarsky-nabytek\/vyskove-nastavitelne-stoly-novy-trend-ergonometrii-kancelare\/","og_site_name":"NO+BL kancel\u00e1\u0159sk\u00fd n\u00e1bytek a kancel\u00e1\u0159sk\u00e9 \u017eidle Praha","article_published_time":"2018-02-20T12:36:42+00:00","article_modified_time":"2018-02-28T17:08:07+00:00","og_image":[{"width":"1024","height":"853","url":"https:\/\/nobl.cz\/kancelarsky-nabytek\/wp-content\/uploads\/2018\/02\/Ergo-W-Dynamic-XL.png","type":"image\/png"}],"twitter_card":"summary","twitter_misc":{"Napsal(a)":"Michal","Odhadovan\u00e1 doba \u010dten\u00ed":"1 minuta"},"schema":{"@context":"https:\/\/schema.org","@graph":[{"@type":"WebSite","@id":"https:\/\/nobl.cz\/kancelarsky-nabytek\/#website","url":"https:\/\/nobl.cz\/kancelarsky-nabytek\/","name":"NO+BL kancel\u00e1\u0159sk\u00fd n\u00e1bytek a kancel\u00e1\u0159sk\u00e9 \u017eidle Praha","description":"V\u00e1\u0161 prodejce kancel\u00e1\u0159sk\u00e9ho n\u00e1bytku a kancel\u00e1\u0159sk\u00fdch k\u0159esel v Praze s tradic\u00ed ji\u017e v\u00edce jak 33 let. Nab\u00edz\u00edme tak\u00e9 opravy kancel\u00e1\u0159sk\u00fdch \u017eidl\u00ed.","potentialAction":[{"@type":"SearchAction","target":{"@type":"EntryPoint","urlTemplate":"https:\/\/nobl.cz\/kancelarsky-nabytek\/?s={search_term_string}"},"query-input":"required name=search_term_string"}],"inLanguage":"cs"},{"@type":"ImageObject","@id":"https:\/\/nobl.cz\/kancelarsky-nabytek\/vyskove-nastavitelne-stoly-novy-trend-ergonometrii-kancelare\/#primaryimage","inLanguage":"cs","url":"https:\/\/nobl.cz\/kancelarsky-nabytek\/wp-content\/uploads\/2018\/02\/Ergo-W-Dynamic-XL.png","contentUrl":"https:\/\/nobl.cz\/kancelarsky-nabytek\/wp-content\/uploads\/2018\/02\/Ergo-W-Dynamic-XL.png","width":"1024","height":"853"},{"@type":"WebPage","@id":"https:\/\/nobl.cz\/kancelarsky-nabytek\/vyskove-nastavitelne-stoly-novy-trend-ergonometrii-kancelare\/#webpage","url":"https:\/\/nobl.cz\/kancelarsky-nabytek\/vyskove-nastavitelne-stoly-novy-trend-ergonometrii-kancelare\/","name":"V\u00fd\u0161kov\u011b nastaviteln\u00e9 stoly - Nov\u00fd trend v ergonometrii modern\u00ed kancel\u00e1\u0159e \u010di pracovny - NO+BL kancel\u00e1\u0159sk\u00fd n\u00e1bytek a kancel\u00e1\u0159sk\u00e9 \u017eidle Praha","isPartOf":{"@id":"https:\/\/nobl.cz\/kancelarsky-nabytek\/#website"},"primaryImageOfPage":{"@id":"https:\/\/nobl.cz\/kancelarsky-nabytek\/vyskove-nastavitelne-stoly-novy-trend-ergonometrii-kancelare\/#primaryimage"},"datePublished":"2018-02-20T12:36:42+00:00","dateModified":"2018-02-28T17:08:07+00:00","author":{"@id":"https:\/\/nobl.cz\/kancelarsky-nabytek\/#\/schema\/person\/f8c868bc80c683aef8e39abb65db150c"},"breadcrumb":{"@id":"https:\/\/nobl.cz\/kancelarsky-nabytek\/vyskove-nastavitelne-stoly-novy-trend-ergonometrii-kancelare\/#breadcrumb"},"inLanguage":"cs","potentialAction":[{"@type":"ReadAction","target":["https:\/\/nobl.cz\/kancelarsky-nabytek\/vyskove-nastavitelne-stoly-novy-trend-ergonometrii-kancelare\/"]}]},{"@type":"BreadcrumbList","@id":"https:\/\/nobl.cz\/kancelarsky-nabytek\/vyskove-nastavitelne-stoly-novy-trend-ergonometrii-kancelare\/#breadcrumb","itemListElement":[{"@type":"ListItem","position":1,"name":"Dom\u016f","item":"https:\/\/nobl.cz\/kancelarsky-nabytek\/"},{"@type":"ListItem","position":2,"name":"V\u00fd\u0161kov\u011b nastaviteln\u00e9 stoly &#8211; Nov\u00fd trend v ergonometrii modern\u00ed kancel\u00e1\u0159e \u010di pracovny"}]},{"@type":"Person","@id":"https:\/\/nobl.cz\/kancelarsky-nabytek\/#\/schema\/person\/f8c868bc80c683aef8e39abb65db150c","name":"Michal","image":{"@type":"ImageObject","@id":"https:\/\/nobl.cz\/kancelarsky-nabytek\/#personlogo","inLanguage":"cs","url":"https:\/\/secure.gravatar.com\/avatar\/455259c7f450215ed2848d8d80f5ea58?s=96&d=mm&r=g","contentUrl":"https:\/\/secure.gravatar.com\/avatar\/455259c7f450215ed2848d8d80f5ea58?s=96&d=mm&r=g","caption":"Michal"},"url":"https:\/\/nobl.cz\/kancelarsky-nabytek\/author\/mjedon\/"}]}},"_links":{"self":[{"href":"https:\/\/nobl.cz\/kancelarsky-nabytek\/wp-json\/wp\/v2\/posts\/7692"}],"collection":[{"href":"https:\/\/nobl.cz\/kancelarsky-nabytek\/wp-json\/wp\/v2\/posts"}],"about":[{"href":"https:\/\/nobl.cz\/kancelarsky-nabytek\/wp-json\/wp\/v2\/types\/post"}],"author":[{"embeddable":true,"href":"https:\/\/nobl.cz\/kancelarsky-nabytek\/wp-json\/wp\/v2\/users\/2"}],"replies":[{"embeddable":true,"href":"https:\/\/nobl.cz\/kancelarsky-nabytek\/wp-json\/wp\/v2\/comments?post=7692"}],"version-history":[{"count":8,"href":"https:\/\/nobl.cz\/kancelarsky-nabytek\/wp-json\/wp\/v2\/posts\/7692\/revisions"}],"predecessor-version":[{"id":7728,"href":"https:\/\/nobl.cz\/kancelarsky-nabytek\/wp-json\/wp\/v2\/posts\/7692\/revisions\/7728"}],"wp:featuredmedia":[{"embeddable":true,"href":"https:\/\/nobl.cz\/kancelarsky-nabytek\/wp-json\/wp\/v2\/media\/7700"}],"wp:attachment":[{"href":"https:\/\/nobl.cz\/kancelarsky-nabytek\/wp-json\/wp\/v2\/media?parent=7692"}],"wp:term":[{"taxonomy":"category","embeddable":true,"href":"https:\/\/nobl.cz\/kancelarsky-nabytek\/wp-json\/wp\/v2\/categories?post=7692"},{"taxonomy":"post_tag","embeddable":true,"href":"https:\/\/nobl.cz\/kancelarsky-nabytek\/wp-json\/wp\/v2\/tags?post=7692"}],"curies":[{"name":"wp","href":"https:\/\/api.w.org\/{rel}","templated":true}]}}