{"id":8205,"date":"2022-01-03T15:48:30","date_gmt":"2022-01-03T14:48:30","guid":{"rendered":"http:\/\/nobl.cz\/kancelarsky-nabytek\/?p=8205"},"modified":"2022-06-09T17:13:43","modified_gmt":"2022-06-09T16:13:43","slug":"podporujeme-nadaci-dobry-andel-i-v-roce-2020","status":"publish","type":"post","link":"https:\/\/nobl.cz\/kancelarsky-nabytek\/podporujeme-nadaci-dobry-andel-i-v-roce-2020\/","title":{"rendered":"Podporujeme nadaci Dobr\u00fd and\u011bl i v roce 2022"},"content":{"rendered":"<p>Firma NO+BL kancel\u00e1\u0159sk\u00fd n\u00e1bytek se stala v roce 2018 pravideln\u00fdm <a href=\"https:\/\/www.dobryandel.cz\/profil-dobreho-andela\/?da=lL20b\">d\u00e1rcem<\/a> nadace Dobr\u00fd and\u011bl a podporuje ji i v leto\u0161n\u00edm roce. Jsme r\u00e1di, \u017ee jsme mohli p\u0159isp\u011bt na dobrou v\u011bc!<\/p>\n<p>Za spol. NO+BL, Petr Nov\u00e1k<\/p>\n<p><a href=\"http:\/\/nobl.cz\/kancelarsky-nabytek\/wp-content\/uploads\/2019\/11\/21083421.pdf\" rel=\"noopener noreferrer\" target=\"_blank\"><img decoding=\"async\" src=\"http:\/\/nobl.cz\/kancelarsky-nabytek\/wp-content\/uploads\/2019\/11\/dobry_andel_2020.png\" alt=\"Dobr\u00fd and\u011bl\" target=\"_blank\" width=\"700\" class=\"alignnone size-full wp-image-8207\" srcset=\"https:\/\/nobl.cz\/kancelarsky-nabytek\/wp-content\/uploads\/2019\/11\/dobry_andel_2020.png 1488w, https:\/\/nobl.cz\/kancelarsky-nabytek\/wp-content\/uploads\/2019\/11\/dobry_andel_2020-510x361.png 510w\" sizes=\"(max-width: 1488px) 100vw, 1488px\" \/><\/a><\/p>\n","protected":false},"excerpt":{"rendered":"<p>Firma NO+BL kancel\u00e1\u0159sk\u00fd n\u00e1bytek se stala v roce 2018 pravideln\u00fdm d\u00e1rcem nadace Dobr\u00fd and\u011bl a podporuje ji i v leto\u0161n\u00edm roce. Jsme r\u00e1di, \u017ee jsme mohli p\u0159isp\u011bt na dobrou v\u011bc! Za spol. NO+BL, Petr Nov\u00e1k<\/p>\n","protected":false},"author":2,"featured_media":8207,"comment_status":"closed","ping_status":"closed","sticky":false,"template":"","format":"standard","meta":{"footnotes":""},"categories":[148],"tags":[],"yoast_head":"<!-- This site is optimized with the Yoast SEO plugin v17.9 - https:\/\/yoast.com\/wordpress\/plugins\/seo\/ -->\n<title>Podporujeme nadaci Dobr\u00fd and\u011bl i v roce 2022 - NO+BL kancel\u00e1\u0159sk\u00fd n\u00e1bytek a kancel\u00e1\u0159sk\u00e9 \u017eidle Praha<\/title>\n<meta name=\"robots\" content=\"index, follow, max-snippet:-1, max-image-preview:large, max-video-preview:-1\" \/>\n<link rel=\"canonical\" href=\"https:\/\/nobl.cz\/kancelarsky-nabytek\/podporujeme-nadaci-dobry-andel-i-v-roce-2020\/\" \/>\n<meta property=\"og:locale\" content=\"cs_CZ\" \/>\n<meta property=\"og:type\" content=\"article\" \/>\n<meta property=\"og:title\" content=\"Podporujeme nadaci Dobr\u00fd and\u011bl i v roce 2022 - NO+BL kancel\u00e1\u0159sk\u00fd n\u00e1bytek a kancel\u00e1\u0159sk\u00e9 \u017eidle Praha\" \/>\n<meta property=\"og:description\" content=\"Firma NO+BL kancel\u00e1\u0159sk\u00fd n\u00e1bytek se stala v roce 2018 pravideln\u00fdm d\u00e1rcem nadace Dobr\u00fd and\u011bl a podporuje ji i v leto\u0161n\u00edm roce. Jsme r\u00e1di, \u017ee jsme mohli p\u0159isp\u011bt na dobrou v\u011bc! Za spol. NO+BL, Petr Nov\u00e1k\" \/>\n<meta property=\"og:url\" content=\"https:\/\/nobl.cz\/kancelarsky-nabytek\/podporujeme-nadaci-dobry-andel-i-v-roce-2020\/\" \/>\n<meta property=\"og:site_name\" content=\"NO+BL kancel\u00e1\u0159sk\u00fd n\u00e1bytek a kancel\u00e1\u0159sk\u00e9 \u017eidle Praha\" \/>\n<meta property=\"article:published_time\" content=\"2022-01-03T14:48:30+00:00\" \/>\n<meta property=\"article:modified_time\" content=\"2022-06-09T16:13:43+00:00\" \/>\n<meta property=\"og:image\" content=\"https:\/\/nobl.cz\/kancelarsky-nabytek\/wp-content\/uploads\/2019\/11\/dobry_andel_2020.png\" \/>\n\t<meta property=\"og:image:width\" content=\"1488\" \/>\n\t<meta property=\"og:image:height\" content=\"1054\" \/>\n\t<meta property=\"og:image:type\" content=\"image\/png\" \/>\n<meta name=\"twitter:card\" content=\"summary\" \/>\n<meta name=\"twitter:label1\" content=\"Napsal(a)\" \/>\n\t<meta name=\"twitter:data1\" content=\"Michal\" \/>\n<script type=\"application\/ld+json\" class=\"yoast-schema-graph\">{\"@context\":\"https:\/\/schema.org\",\"@graph\":[{\"@type\":\"WebSite\",\"@id\":\"https:\/\/nobl.cz\/kancelarsky-nabytek\/#website\",\"url\":\"https:\/\/nobl.cz\/kancelarsky-nabytek\/\",\"name\":\"NO+BL kancel\\u00e1\\u0159sk\\u00fd n\\u00e1bytek a kancel\\u00e1\\u0159sk\\u00e9 \\u017eidle Praha\",\"description\":\"V\\u00e1\\u0161 prodejce kancel\\u00e1\\u0159sk\\u00e9ho n\\u00e1bytku a kancel\\u00e1\\u0159sk\\u00fdch k\\u0159esel v Praze s tradic\\u00ed ji\\u017e v\\u00edce jak 33 let. Nab\\u00edz\\u00edme tak\\u00e9 opravy kancel\\u00e1\\u0159sk\\u00fdch \\u017eidl\\u00ed.\",\"potentialAction\":[{\"@type\":\"SearchAction\",\"target\":{\"@type\":\"EntryPoint\",\"urlTemplate\":\"https:\/\/nobl.cz\/kancelarsky-nabytek\/?s={search_term_string}\"},\"query-input\":\"required name=search_term_string\"}],\"inLanguage\":\"cs\"},{\"@type\":\"ImageObject\",\"@id\":\"https:\/\/nobl.cz\/kancelarsky-nabytek\/podporujeme-nadaci-dobry-andel-i-v-roce-2020\/#primaryimage\",\"inLanguage\":\"cs\",\"url\":\"https:\/\/nobl.cz\/kancelarsky-nabytek\/wp-content\/uploads\/2019\/11\/dobry_andel_2020.png\",\"contentUrl\":\"https:\/\/nobl.cz\/kancelarsky-nabytek\/wp-content\/uploads\/2019\/11\/dobry_andel_2020.png\",\"width\":\"1488\",\"height\":\"1054\"},{\"@type\":\"WebPage\",\"@id\":\"https:\/\/nobl.cz\/kancelarsky-nabytek\/podporujeme-nadaci-dobry-andel-i-v-roce-2020\/#webpage\",\"url\":\"https:\/\/nobl.cz\/kancelarsky-nabytek\/podporujeme-nadaci-dobry-andel-i-v-roce-2020\/\",\"name\":\"Podporujeme nadaci Dobr\\u00fd and\\u011bl i v roce 2022 - NO+BL kancel\\u00e1\\u0159sk\\u00fd n\\u00e1bytek a kancel\\u00e1\\u0159sk\\u00e9 \\u017eidle Praha\",\"isPartOf\":{\"@id\":\"https:\/\/nobl.cz\/kancelarsky-nabytek\/#website\"},\"primaryImageOfPage\":{\"@id\":\"https:\/\/nobl.cz\/kancelarsky-nabytek\/podporujeme-nadaci-dobry-andel-i-v-roce-2020\/#primaryimage\"},\"datePublished\":\"2022-01-03T14:48:30+00:00\",\"dateModified\":\"2022-06-09T16:13:43+00:00\",\"author\":{\"@id\":\"https:\/\/nobl.cz\/kancelarsky-nabytek\/#\/schema\/person\/f8c868bc80c683aef8e39abb65db150c\"},\"breadcrumb\":{\"@id\":\"https:\/\/nobl.cz\/kancelarsky-nabytek\/podporujeme-nadaci-dobry-andel-i-v-roce-2020\/#breadcrumb\"},\"inLanguage\":\"cs\",\"potentialAction\":[{\"@type\":\"ReadAction\",\"target\":[\"https:\/\/nobl.cz\/kancelarsky-nabytek\/podporujeme-nadaci-dobry-andel-i-v-roce-2020\/\"]}]},{\"@type\":\"BreadcrumbList\",\"@id\":\"https:\/\/nobl.cz\/kancelarsky-nabytek\/podporujeme-nadaci-dobry-andel-i-v-roce-2020\/#breadcrumb\",\"itemListElement\":[{\"@type\":\"ListItem\",\"position\":1,\"name\":\"Dom\\u016f\",\"item\":\"https:\/\/nobl.cz\/kancelarsky-nabytek\/\"},{\"@type\":\"ListItem\",\"position\":2,\"name\":\"Podporujeme nadaci Dobr\\u00fd and\\u011bl i v roce 2022\"}]},{\"@type\":\"Person\",\"@id\":\"https:\/\/nobl.cz\/kancelarsky-nabytek\/#\/schema\/person\/f8c868bc80c683aef8e39abb65db150c\",\"name\":\"Michal\",\"image\":{\"@type\":\"ImageObject\",\"@id\":\"https:\/\/nobl.cz\/kancelarsky-nabytek\/#personlogo\",\"inLanguage\":\"cs\",\"url\":\"https:\/\/secure.gravatar.com\/avatar\/455259c7f450215ed2848d8d80f5ea58?s=96&d=mm&r=g\",\"contentUrl\":\"https:\/\/secure.gravatar.com\/avatar\/455259c7f450215ed2848d8d80f5ea58?s=96&d=mm&r=g\",\"caption\":\"Michal\"},\"url\":\"https:\/\/nobl.cz\/kancelarsky-nabytek\/author\/mjedon\/\"}]}<\/script>\n<!-- \/ Yoast SEO plugin. -->","yoast_head_json":{"title":"Podporujeme nadaci Dobr\u00fd and\u011bl i v roce 2022 - NO+BL kancel\u00e1\u0159sk\u00fd n\u00e1bytek a kancel\u00e1\u0159sk\u00e9 \u017eidle Praha","robots":{"index":"index","follow":"follow","max-snippet":"max-snippet:-1","max-image-preview":"max-image-preview:large","max-video-preview":"max-video-preview:-1"},"canonical":"https:\/\/nobl.cz\/kancelarsky-nabytek\/podporujeme-nadaci-dobry-andel-i-v-roce-2020\/","og_locale":"cs_CZ","og_type":"article","og_title":"Podporujeme nadaci Dobr\u00fd and\u011bl i v roce 2022 - NO+BL kancel\u00e1\u0159sk\u00fd n\u00e1bytek a kancel\u00e1\u0159sk\u00e9 \u017eidle Praha","og_description":"Firma NO+BL kancel\u00e1\u0159sk\u00fd n\u00e1bytek se stala v roce 2018 pravideln\u00fdm d\u00e1rcem nadace Dobr\u00fd and\u011bl a podporuje ji i v leto\u0161n\u00edm roce. Jsme r\u00e1di, \u017ee jsme mohli p\u0159isp\u011bt na dobrou v\u011bc! Za spol. NO+BL, Petr Nov\u00e1k","og_url":"https:\/\/nobl.cz\/kancelarsky-nabytek\/podporujeme-nadaci-dobry-andel-i-v-roce-2020\/","og_site_name":"NO+BL kancel\u00e1\u0159sk\u00fd n\u00e1bytek a kancel\u00e1\u0159sk\u00e9 \u017eidle Praha","article_published_time":"2022-01-03T14:48:30+00:00","article_modified_time":"2022-06-09T16:13:43+00:00","og_image":[{"width":"1488","height":"1054","url":"https:\/\/nobl.cz\/kancelarsky-nabytek\/wp-content\/uploads\/2019\/11\/dobry_andel_2020.png","type":"image\/png"}],"twitter_card":"summary","twitter_misc":{"Napsal(a)":"Michal"},"schema":{"@context":"https:\/\/schema.org","@graph":[{"@type":"WebSite","@id":"https:\/\/nobl.cz\/kancelarsky-nabytek\/#website","url":"https:\/\/nobl.cz\/kancelarsky-nabytek\/","name":"NO+BL kancel\u00e1\u0159sk\u00fd n\u00e1bytek a kancel\u00e1\u0159sk\u00e9 \u017eidle Praha","description":"V\u00e1\u0161 prodejce kancel\u00e1\u0159sk\u00e9ho n\u00e1bytku a kancel\u00e1\u0159sk\u00fdch k\u0159esel v Praze s tradic\u00ed ji\u017e v\u00edce jak 33 let. Nab\u00edz\u00edme tak\u00e9 opravy kancel\u00e1\u0159sk\u00fdch \u017eidl\u00ed.","potentialAction":[{"@type":"SearchAction","target":{"@type":"EntryPoint","urlTemplate":"https:\/\/nobl.cz\/kancelarsky-nabytek\/?s={search_term_string}"},"query-input":"required name=search_term_string"}],"inLanguage":"cs"},{"@type":"ImageObject","@id":"https:\/\/nobl.cz\/kancelarsky-nabytek\/podporujeme-nadaci-dobry-andel-i-v-roce-2020\/#primaryimage","inLanguage":"cs","url":"https:\/\/nobl.cz\/kancelarsky-nabytek\/wp-content\/uploads\/2019\/11\/dobry_andel_2020.png","contentUrl":"https:\/\/nobl.cz\/kancelarsky-nabytek\/wp-content\/uploads\/2019\/11\/dobry_andel_2020.png","width":"1488","height":"1054"},{"@type":"WebPage","@id":"https:\/\/nobl.cz\/kancelarsky-nabytek\/podporujeme-nadaci-dobry-andel-i-v-roce-2020\/#webpage","url":"https:\/\/nobl.cz\/kancelarsky-nabytek\/podporujeme-nadaci-dobry-andel-i-v-roce-2020\/","name":"Podporujeme nadaci Dobr\u00fd and\u011bl i v roce 2022 - NO+BL kancel\u00e1\u0159sk\u00fd n\u00e1bytek a kancel\u00e1\u0159sk\u00e9 \u017eidle Praha","isPartOf":{"@id":"https:\/\/nobl.cz\/kancelarsky-nabytek\/#website"},"primaryImageOfPage":{"@id":"https:\/\/nobl.cz\/kancelarsky-nabytek\/podporujeme-nadaci-dobry-andel-i-v-roce-2020\/#primaryimage"},"datePublished":"2022-01-03T14:48:30+00:00","dateModified":"2022-06-09T16:13:43+00:00","author":{"@id":"https:\/\/nobl.cz\/kancelarsky-nabytek\/#\/schema\/person\/f8c868bc80c683aef8e39abb65db150c"},"breadcrumb":{"@id":"https:\/\/nobl.cz\/kancelarsky-nabytek\/podporujeme-nadaci-dobry-andel-i-v-roce-2020\/#breadcrumb"},"inLanguage":"cs","potentialAction":[{"@type":"ReadAction","target":["https:\/\/nobl.cz\/kancelarsky-nabytek\/podporujeme-nadaci-dobry-andel-i-v-roce-2020\/"]}]},{"@type":"BreadcrumbList","@id":"https:\/\/nobl.cz\/kancelarsky-nabytek\/podporujeme-nadaci-dobry-andel-i-v-roce-2020\/#breadcrumb","itemListElement":[{"@type":"ListItem","position":1,"name":"Dom\u016f","item":"https:\/\/nobl.cz\/kancelarsky-nabytek\/"},{"@type":"ListItem","position":2,"name":"Podporujeme nadaci Dobr\u00fd and\u011bl i v roce 2022"}]},{"@type":"Person","@id":"https:\/\/nobl.cz\/kancelarsky-nabytek\/#\/schema\/person\/f8c868bc80c683aef8e39abb65db150c","name":"Michal","image":{"@type":"ImageObject","@id":"https:\/\/nobl.cz\/kancelarsky-nabytek\/#personlogo","inLanguage":"cs","url":"https:\/\/secure.gravatar.com\/avatar\/455259c7f450215ed2848d8d80f5ea58?s=96&d=mm&r=g","contentUrl":"https:\/\/secure.gravatar.com\/avatar\/455259c7f450215ed2848d8d80f5ea58?s=96&d=mm&r=g","caption":"Michal"},"url":"https:\/\/nobl.cz\/kancelarsky-nabytek\/author\/mjedon\/"}]}},"_links":{"self":[{"href":"https:\/\/nobl.cz\/kancelarsky-nabytek\/wp-json\/wp\/v2\/posts\/8205"}],"collection":[{"href":"https:\/\/nobl.cz\/kancelarsky-nabytek\/wp-json\/wp\/v2\/posts"}],"about":[{"href":"https:\/\/nobl.cz\/kancelarsky-nabytek\/wp-json\/wp\/v2\/types\/post"}],"author":[{"embeddable":true,"href":"https:\/\/nobl.cz\/kancelarsky-nabytek\/wp-json\/wp\/v2\/users\/2"}],"replies":[{"embeddable":true,"href":"https:\/\/nobl.cz\/kancelarsky-nabytek\/wp-json\/wp\/v2\/comments?post=8205"}],"version-history":[{"count":9,"href":"https:\/\/nobl.cz\/kancelarsky-nabytek\/wp-json\/wp\/v2\/posts\/8205\/revisions"}],"predecessor-version":[{"id":8885,"href":"https:\/\/nobl.cz\/kancelarsky-nabytek\/wp-json\/wp\/v2\/posts\/8205\/revisions\/8885"}],"wp:featuredmedia":[{"embeddable":true,"href":"https:\/\/nobl.cz\/kancelarsky-nabytek\/wp-json\/wp\/v2\/media\/8207"}],"wp:attachment":[{"href":"https:\/\/nobl.cz\/kancelarsky-nabytek\/wp-json\/wp\/v2\/media?parent=8205"}],"wp:term":[{"taxonomy":"category","embeddable":true,"href":"https:\/\/nobl.cz\/kancelarsky-nabytek\/wp-json\/wp\/v2\/categories?post=8205"},{"taxonomy":"post_tag","embeddable":true,"href":"https:\/\/nobl.cz\/kancelarsky-nabytek\/wp-json\/wp\/v2\/tags?post=8205"}],"curies":[{"name":"wp","href":"https:\/\/api.w.org\/{rel}","templated":true}]}}